{"id":253848,"date":"2025-11-27T10:59:35","date_gmt":"2025-11-27T09:59:35","guid":{"rendered":"https:\/\/www.brundisium.net\/?p=253848"},"modified":"2025-11-27T18:13:06","modified_gmt":"2025-11-27T17:13:06","slug":"una-luce-contro-la-guerra-il-4-dicembre-la-fiaccola-della-pace-nella-sede-della-asl-brindisi","status":"publish","type":"post","link":"https:\/\/www.brundisium.net\/index.php\/una-luce-contro-la-guerra-il-4-dicembre-la-fiaccola-della-pace-nella-sede-della-asl-brindisi\/","title":{"rendered":"Una luce contro la guerra, il 4 dicembre la Fiaccola della Pace nella sede della Asl Brindisi"},"content":{"rendered":"<p>Giovedi 4 dicembre l\u2019Asl Brindisi accoglier\u00e0, nella sede di via Napoli, la Fiaccola della Pace con l&#8217;evento Una luce contro la guerra. Interverranno alle 13 per i saluti istituzionali il direttore generale Maurizio De Nuccio, il sindaco Giuseppe Marchionna, il presidente Croas Puglia Massimiliano Fiorentino, il direttore Ats Brindisi 1 Maurizio Moscara. In programma le letture per la pace con i medici Valeria Lagattolla e Raffaele Quarta, l&#8217;assistente sociale Barbara Musciagli, la psicologa Silvia Sammarco e i mediatori linguistici interculturali Drissa Kone e Khaled Bouchelaghem. Alle 13.30 la benedizione della Fiaccola della Pace a cura di fra Adolfo Marmorino della Cappellania dell&#8217;ospedale Perrino.<br \/>\n&#8220;La Fiaccola &#8211; spiega il dg De Nuccio &#8211; \u00e8 un simbolo potente e necessario in un tempo che ci chiede dialogo, responsabilit\u00e0 e umanit\u00e0. L\u2019Asl Brindisi, insieme all\u2019Ordine degli assistenti sociali \u2013 Consiglio regionale Puglia, al Comune di Brindisi e all\u2019Ats BR1, accoglier\u00e0 la Fiaccola e i contributi dei professionisti che ogni giorno lavorano sul campo, nelle fragilit\u00e0 sociali, culturali e sanitarie. Sar\u00e0 un momento di condivisione e riflessione, in cui istituzioni, professionisti e cittadini si ritroveranno per affermare, insieme, che la pace non \u00e8 un concetto astratto ma una scelta quotidiana: un modo di guardare l\u2019altro, di ascoltare, di costruire comunit\u00e0. La pace &#8211; conclude &#8211; \u00e8 fatta di gesti, di parole, di piccoli ponti che uniscono. Il 4 dicembre accenderemo insieme una luce che parla di speranza&#8221;. <\/p>\n","protected":false},"excerpt":{"rendered":"<p>Giovedi 4 dicembre l\u2019Asl Brindisi accoglier\u00e0, nella sede di via Napoli, la Fiaccola della Pace con l&#8217;evento Una luce contro la guerra. Interverranno alle 13 per i saluti istituzionali il direttore generale Maurizio De Nuccio, il sindaco Giuseppe Marchionna, il presidente Croas Puglia Massimiliano Fiorentino, il direttore Ats Brindisi 1 Maurizio Moscara. In programma le letture per la pace con i medici Valeria Lagattolla e Raffaele Quarta, l&#8217;assistente sociale Barbara Musciagli, la psicologa Silvia Sammarco e i mediatori linguistici interculturali Drissa Kone e Khaled Bouchelaghem. Alle 13.30 la benedizione della Fiaccola della Pace a cura di fra Adolfo Marmorino della Cappellania dell&#8217;ospedale Perrino. &#8220;La Fiaccola &#8211; spiega il dg De Nuccio &#8211; \u00e8 un simbolo potente e necessario in un tempo che ci chiede dialogo, responsabilit\u00e0 e umanit\u00e0. L\u2019Asl Brindisi, insieme all\u2019Ordine degli assistenti sociali \u2013 Consiglio regionale Puglia, al Comune di Brindisi e all\u2019Ats BR1, accoglier\u00e0 la Fiaccola e i contributi dei professionisti che ogni giorno lavorano sul campo, nelle fragilit\u00e0 sociali, culturali e sanitarie. Sar\u00e0 un momento di&#8230;<\/p>\n","protected":false},"author":2,"featured_media":253852,"comment_status":"closed","ping_status":"closed","sticky":false,"template":"","format":"standard","meta":{"footnotes":""},"categories":[7],"tags":[],"class_list":["post-253848","post","type-post","status-publish","format-standard","has-post-thumbnail","hentry","category-news"],"_links":{"self":[{"href":"https:\/\/www.brundisium.net\/index.php\/wp-json\/wp\/v2\/posts\/253848","targetHints":{"allow":["GET"]}}],"collection":[{"href":"https:\/\/www.brundisium.net\/index.php\/wp-json\/wp\/v2\/posts"}],"about":[{"href":"https:\/\/www.brundisium.net\/index.php\/wp-json\/wp\/v2\/types\/post"}],"author":[{"embeddable":true,"href":"https:\/\/www.brundisium.net\/index.php\/wp-json\/wp\/v2\/users\/2"}],"replies":[{"embeddable":true,"href":"https:\/\/www.brundisium.net\/index.php\/wp-json\/wp\/v2\/comments?post=253848"}],"version-history":[{"count":1,"href":"https:\/\/www.brundisium.net\/index.php\/wp-json\/wp\/v2\/posts\/253848\/revisions"}],"predecessor-version":[{"id":253853,"href":"https:\/\/www.brundisium.net\/index.php\/wp-json\/wp\/v2\/posts\/253848\/revisions\/253853"}],"wp:featuredmedia":[{"embeddable":true,"href":"https:\/\/www.brundisium.net\/index.php\/wp-json\/wp\/v2\/media\/253852"}],"wp:attachment":[{"href":"https:\/\/www.brundisium.net\/index.php\/wp-json\/wp\/v2\/media?parent=253848"}],"wp:term":[{"taxonomy":"category","embeddable":true,"href":"https:\/\/www.brundisium.net\/index.php\/wp-json\/wp\/v2\/categories?post=253848"},{"taxonomy":"post_tag","embeddable":true,"href":"https:\/\/www.brundisium.net\/index.php\/wp-json\/wp\/v2\/tags?post=253848"}],"curies":[{"name":"wp","href":"https:\/\/api.w.org\/{rel}","templated":true}]}}