{"id":253863,"date":"2025-11-27T19:51:44","date_gmt":"2025-11-27T18:51:44","guid":{"rendered":"https:\/\/www.brundisium.net\/?p=253863"},"modified":"2025-11-27T20:55:07","modified_gmt":"2025-11-27T19:55:07","slug":"il-liceo-marzolla-leo-simone-durano-celebra-la-cultura-dellaccoglienza","status":"publish","type":"post","link":"https:\/\/www.brundisium.net\/index.php\/il-liceo-marzolla-leo-simone-durano-celebra-la-cultura-dellaccoglienza\/","title":{"rendered":"Il Liceo Marzolla-Leo-Simone-Durano celebra la cultura dell\u2019accoglienza"},"content":{"rendered":"<p>In occasione della Giornata Internazionale delle Persone con Disabilit\u00e0, il Polo Liceale Marzolla-Leo-Simone-Durano organizza un incontro pubblico dal titolo \u201cL\u2019arte dell\u2019inclusione: la prossimit\u00e0 delle differenze\u201d, che si terr\u00e0 mercoled\u00ec 3 dicembre 2025 alle ore 16.00 presso l\u2019Auditorium \u201cCinzia Zonno\u201d del Liceo Marzolla (via Nardelli 2, Brindisi).<br \/>\nL\u2019iniziativa, promossa dalla Dirigente Scolastica Prof.ssa Carmen Taurino, intende offrire alla comunit\u00e0 un momento di riflessione condivisa sui temi dell\u2019inclusione, della dignit\u00e0 personale e della vicinanza alle fragilit\u00e0, con uno sguardo concreto alle buone pratiche educative e sociosanitarie del territorio.<br \/>\nDopo i saluti istituzionali della Prof.ssa Carmen Taurino, Dirigente del Polo Liceale, e del Dott. Maurizio De Nuccio, Direttore Generale ASL Brindisi, interverranno la Dott.ssa Fernanda Prete, Dirigente Area I \u2013 Provincia di Brindisi, il Dott. Giovanni De Stradis, Responsabile UOSD di Fisiatria \u2013 ASL Brindisi e l\u2019Avv. Alessandro Nocco, Coordinatore integrazione scolastica \u2013 Provincia di Brindisi.<br \/>\nL\u2019incontro si inserisce nel pi\u00f9 ampio percorso formativo del Polo Liceale, da anni impegnato nella promozione di una scuola accogliente, equa e inclusiva, dove ogni studente possa trovare ascolto, riconoscimento e opportunit\u00e0 di crescita.<br \/>\n\u00abCelebrare la Giornata Internazionale delle Persone con Disabilit\u00e0 \u2013 afferma la Dirigente Prof.ssa Taurino \u2013 significa rinnovare un impegno etico ed educativo: imparare a mettersi accanto, a riconoscere le differenze, a trasformarle in valore. L\u2019inclusione \u00e8 arte, cura, prossimit\u00e0: un compito che riguarda tutta la comunit\u00e0 scolastica\u00bb.<br \/>\nL\u2019evento \u00e8 aperto alla cittadinanza, alle istituzioni, alle famiglie e alle associazioni del territorio.<\/p>\n","protected":false},"excerpt":{"rendered":"<p>In occasione della Giornata Internazionale delle Persone con Disabilit\u00e0, il Polo Liceale Marzolla-Leo-Simone-Durano organizza un incontro pubblico dal titolo \u201cL\u2019arte dell\u2019inclusione: la prossimit\u00e0 delle differenze\u201d, che si terr\u00e0 mercoled\u00ec 3 dicembre 2025 alle ore 16.00 presso l\u2019Auditorium \u201cCinzia Zonno\u201d del Liceo Marzolla (via Nardelli 2, Brindisi). L\u2019iniziativa, promossa dalla Dirigente Scolastica Prof.ssa Carmen Taurino, intende offrire alla comunit\u00e0 un momento di riflessione condivisa sui temi dell\u2019inclusione, della dignit\u00e0 personale e della vicinanza alle fragilit\u00e0, con uno sguardo concreto alle buone pratiche educative e sociosanitarie del territorio. Dopo i saluti istituzionali della Prof.ssa Carmen Taurino, Dirigente del Polo Liceale, e del Dott. Maurizio De Nuccio, Direttore Generale ASL Brindisi, interverranno la Dott.ssa Fernanda Prete, Dirigente Area I \u2013 Provincia di Brindisi, il Dott. Giovanni De Stradis, Responsabile UOSD di Fisiatria \u2013 ASL Brindisi e l\u2019Avv. Alessandro Nocco, Coordinatore integrazione scolastica \u2013 Provincia di Brindisi. L\u2019incontro si inserisce nel pi\u00f9 ampio percorso formativo del Polo Liceale, da anni impegnato nella promozione di una scuola accogliente, equa e inclusiva, dove ogni studente possa&#8230;<\/p>\n","protected":false},"author":2,"featured_media":253867,"comment_status":"closed","ping_status":"closed","sticky":false,"template":"","format":"standard","meta":{"footnotes":""},"categories":[7],"tags":[],"class_list":["post-253863","post","type-post","status-publish","format-standard","has-post-thumbnail","hentry","category-news"],"_links":{"self":[{"href":"https:\/\/www.brundisium.net\/index.php\/wp-json\/wp\/v2\/posts\/253863","targetHints":{"allow":["GET"]}}],"collection":[{"href":"https:\/\/www.brundisium.net\/index.php\/wp-json\/wp\/v2\/posts"}],"about":[{"href":"https:\/\/www.brundisium.net\/index.php\/wp-json\/wp\/v2\/types\/post"}],"author":[{"embeddable":true,"href":"https:\/\/www.brundisium.net\/index.php\/wp-json\/wp\/v2\/users\/2"}],"replies":[{"embeddable":true,"href":"https:\/\/www.brundisium.net\/index.php\/wp-json\/wp\/v2\/comments?post=253863"}],"version-history":[{"count":1,"href":"https:\/\/www.brundisium.net\/index.php\/wp-json\/wp\/v2\/posts\/253863\/revisions"}],"predecessor-version":[{"id":253868,"href":"https:\/\/www.brundisium.net\/index.php\/wp-json\/wp\/v2\/posts\/253863\/revisions\/253868"}],"wp:featuredmedia":[{"embeddable":true,"href":"https:\/\/www.brundisium.net\/index.php\/wp-json\/wp\/v2\/media\/253867"}],"wp:attachment":[{"href":"https:\/\/www.brundisium.net\/index.php\/wp-json\/wp\/v2\/media?parent=253863"}],"wp:term":[{"taxonomy":"category","embeddable":true,"href":"https:\/\/www.brundisium.net\/index.php\/wp-json\/wp\/v2\/categories?post=253863"},{"taxonomy":"post_tag","embeddable":true,"href":"https:\/\/www.brundisium.net\/index.php\/wp-json\/wp\/v2\/tags?post=253863"}],"curies":[{"name":"wp","href":"https:\/\/api.w.org\/{rel}","templated":true}]}}