{"id":253957,"date":"2025-11-29T17:30:42","date_gmt":"2025-11-29T16:30:42","guid":{"rendered":"https:\/\/www.brundisium.net\/?p=253957"},"modified":"2025-11-29T17:30:42","modified_gmt":"2025-11-29T16:30:42","slug":"oggiano-fdi-nessuna-crisi-politica-ma-la-manifestazione-plastica-di-un-episodio-isolato","status":"publish","type":"post","link":"https:\/\/www.brundisium.net\/index.php\/oggiano-fdi-nessuna-crisi-politica-ma-la-manifestazione-plastica-di-un-episodio-isolato\/","title":{"rendered":"Oggiano (FdI): &#8220;nessuna crisi politica ma la manifestazione plastica di un episodio isolato&#8221;"},"content":{"rendered":"<p>I risultati delle elezioni regionali hanno confermato un dato che ormai nessuno pu\u00f2 mettere in discussione: Fratelli d\u2019Italia \u00e8 il primo partito del centrodestra in citt\u00e0 e in provincia, ed \u00e8 la forza politica che pi\u00f9 di ogni altra ha saputo radicarsi e rappresentare Brindisi.<br \/>\nCon circa 3.300 preferenze, di cui quasi 2.200 in citt\u00e0, sono risultato il candidato brindisino pi\u00f9 votato del centrodestra nella circoscrizione Brindisi, un risultato che non nasce dall\u2019appartenenza a correnti di partito, ma dal lavoro mio e del gruppo che, a Brindisi e in tutta la provincia, ha scelto di battersi con lealt\u00e0, coerenza e spirito di squadra.<br \/>\nPer questo trovo surreale che, nelle ultime ore, qualcuno tenti di usare il Consiglio Comunale come un palcoscenico personale per ridefinire equilibri che non gli appartengono.<br \/>\nC\u2019\u00e8 chi, fino a pochi minuti prima della chiusura delle liste regionali, attraversava il campo politico come una rondine fuori stagione, convinto che spostandosi da un ramo all\u2019altro potesse scegliere ogni volta il nido pi\u00f9 conveniente.<br \/>\nMa la politica non \u00e8 un giardino da attraversare: \u00e8 un impegno serio, che richiede lealt\u00e0, coerenza e soprattutto rispetto per gli elettori.<br \/>\nNon posso che difendere convintamente il lavoro del gruppo consiliare di Fratelli d\u2019Italia, di Raffaele De Maria e del presidente del Consiglio Gabriele Antonino, che hanno sempre mantenuto il rispetto dei patti sottoscritti prima delle comunali e hanno assicurato stabilit\u00e0 e responsabilit\u00e0 nei momenti pi\u00f9 difficili.<br \/>\nIl tentativo di metterli nel mirino con attacchi strumentali non indebolisce loro, ma chi crede di guadagnare spazio con un po\u2019 di rumore.<br \/>\nE voglio dirlo chiaramente, neanche l\u2019opposizione merita di essere trascinata in questa recita: non \u00e8 facile scoprire che la pedina su cui si contava si muoveva su una scacchiera tutta sua.<br \/>\nQuanto accaduto in aula non \u00e8 una crisi politica: \u00e8 la manifestazione plastica di un episodio isolato, che non ha nulla a che vedere con la stabilit\u00e0 della maggioranza o con la linea di Fratelli d\u2019Italia.<br \/>\nLa nostra posizione \u00e8 chiara: siamo leali, rispettosi degli accordi e concentrati sull\u2019interesse della citt\u00e0. Il resto \u00e8 soltanto rumore di fondo.<br \/>\nLa campagna elettorale si \u00e8 conclusa da pochi giorni e, nonostante la delusione per un risultato al di sotto delle aspettative, se pur importante, ho mantenuto un profilo di responsabilit\u00e0 e compostezza. Continuer\u00f2 cos\u00ec, perch\u00e9 Brindisi merita una politica che costruisce, non una politica che improvvisa.<br \/>\nFratelli d\u2019Italia ha dimostrato compattezza, visione e radicamento.<br \/>\nAdesso \u00e8 il momento di tornare al lavoro, con seriet\u00e0, unit\u00e0 e rispetto istituzionale. Perch\u00e9 noi siamo qui per Brindisi, non per i giochi di qualcuno.<br \/>\nSi dia seguito a ci\u00f2 che Fratelli d\u2019Italia sostiene da tempo: torniamo tra la gente, ascoltiamola davvero, facciamoci carico delle loro fragilit\u00e0 e dei loro problemi, anche quando questo significa accettare critiche dure, persino amare.<br \/>\nLa vicinanza autentica si misura cos\u00ec: stando accanto alle persone, non solo quando applaudono, ma soprattutto quando hanno qualcosa da rimproverarci.<br \/>\n<strong><\/p>\n<p>NOTA STAMPA Massimiliano Oggiano<br \/>\ncoordinatore cittadino di Fratelli d\u2019Italia<\/strong><\/p>\n","protected":false},"excerpt":{"rendered":"<p>I risultati delle elezioni regionali hanno confermato un dato che ormai nessuno pu\u00f2 mettere in discussione: Fratelli d\u2019Italia \u00e8 il primo partito del centrodestra in citt\u00e0 e in provincia, ed \u00e8 la forza politica che pi\u00f9 di ogni altra ha saputo radicarsi e rappresentare Brindisi. Con circa 3.300 preferenze, di cui quasi 2.200 in citt\u00e0, sono risultato il candidato brindisino pi\u00f9 votato del centrodestra nella circoscrizione Brindisi, un risultato che non nasce dall\u2019appartenenza a correnti di partito, ma dal lavoro mio e del gruppo che, a Brindisi e in tutta la provincia, ha scelto di battersi con lealt\u00e0, coerenza e spirito di squadra. Per questo trovo surreale che, nelle ultime ore, qualcuno tenti di usare il Consiglio Comunale come un palcoscenico personale per ridefinire equilibri che non gli appartengono. C\u2019\u00e8 chi, fino a pochi minuti prima della chiusura delle liste regionali, attraversava il campo politico come una rondine fuori stagione, convinto che spostandosi da un ramo all\u2019altro potesse scegliere ogni volta il nido pi\u00f9 conveniente. Ma la politica non \u00e8&#8230;<\/p>\n","protected":false},"author":2,"featured_media":222498,"comment_status":"closed","ping_status":"closed","sticky":false,"template":"","format":"standard","meta":{"footnotes":""},"categories":[7],"tags":[],"class_list":["post-253957","post","type-post","status-publish","format-standard","has-post-thumbnail","hentry","category-news"],"_links":{"self":[{"href":"https:\/\/www.brundisium.net\/index.php\/wp-json\/wp\/v2\/posts\/253957","targetHints":{"allow":["GET"]}}],"collection":[{"href":"https:\/\/www.brundisium.net\/index.php\/wp-json\/wp\/v2\/posts"}],"about":[{"href":"https:\/\/www.brundisium.net\/index.php\/wp-json\/wp\/v2\/types\/post"}],"author":[{"embeddable":true,"href":"https:\/\/www.brundisium.net\/index.php\/wp-json\/wp\/v2\/users\/2"}],"replies":[{"embeddable":true,"href":"https:\/\/www.brundisium.net\/index.php\/wp-json\/wp\/v2\/comments?post=253957"}],"version-history":[{"count":1,"href":"https:\/\/www.brundisium.net\/index.php\/wp-json\/wp\/v2\/posts\/253957\/revisions"}],"predecessor-version":[{"id":253958,"href":"https:\/\/www.brundisium.net\/index.php\/wp-json\/wp\/v2\/posts\/253957\/revisions\/253958"}],"wp:featuredmedia":[{"embeddable":true,"href":"https:\/\/www.brundisium.net\/index.php\/wp-json\/wp\/v2\/media\/222498"}],"wp:attachment":[{"href":"https:\/\/www.brundisium.net\/index.php\/wp-json\/wp\/v2\/media?parent=253957"}],"wp:term":[{"taxonomy":"category","embeddable":true,"href":"https:\/\/www.brundisium.net\/index.php\/wp-json\/wp\/v2\/categories?post=253957"},{"taxonomy":"post_tag","embeddable":true,"href":"https:\/\/www.brundisium.net\/index.php\/wp-json\/wp\/v2\/tags?post=253957"}],"curies":[{"name":"wp","href":"https:\/\/api.w.org\/{rel}","templated":true}]}}