{"id":254057,"date":"2025-12-01T18:56:03","date_gmt":"2025-12-01T17:56:03","guid":{"rendered":"https:\/\/www.brundisium.net\/?p=254057"},"modified":"2025-12-12T18:10:11","modified_gmt":"2025-12-12T17:10:11","slug":"venerdi-5-dicembre-al-mediaporto-amerigo-verardi-presenta-il-libro-il-semplice-automatismo-dei-desideri","status":"publish","type":"post","link":"https:\/\/www.brundisium.net\/index.php\/venerdi-5-dicembre-al-mediaporto-amerigo-verardi-presenta-il-libro-il-semplice-automatismo-dei-desideri\/","title":{"rendered":"Venerd\u00ec 5 dicembre al MediaPorto Amerigo Verardi presenta il libro &#8220;Il semplice automatismo dei desideri&#8221;"},"content":{"rendered":"<p><a href=\"https:\/\/www.brundisium.net\/brun\/wp-content\/uploads\/2025\/12\/canta-mio-cuore-i-giardini-che-non-sai-scaled.jpg\"><img loading=\"lazy\" decoding=\"async\" class=\"alignright size-medium wp-image-254059\" src=\"https:\/\/www.brundisium.net\/brun\/wp-content\/uploads\/2025\/12\/canta-mio-cuore-i-giardini-che-non-sai-240x300.jpg\" alt=\"\" width=\"240\" height=\"300\" srcset=\"https:\/\/www.brundisium.net\/brun\/wp-content\/uploads\/2025\/12\/canta-mio-cuore-i-giardini-che-non-sai-240x300.jpg 240w, https:\/\/www.brundisium.net\/brun\/wp-content\/uploads\/2025\/12\/canta-mio-cuore-i-giardini-che-non-sai-819x1024.jpg 819w, https:\/\/www.brundisium.net\/brun\/wp-content\/uploads\/2025\/12\/canta-mio-cuore-i-giardini-che-non-sai-768x960.jpg 768w, https:\/\/www.brundisium.net\/brun\/wp-content\/uploads\/2025\/12\/canta-mio-cuore-i-giardini-che-non-sai-1229x1536.jpg 1229w, https:\/\/www.brundisium.net\/brun\/wp-content\/uploads\/2025\/12\/canta-mio-cuore-i-giardini-che-non-sai-1638x2048.jpg 1638w, https:\/\/www.brundisium.net\/brun\/wp-content\/uploads\/2025\/12\/canta-mio-cuore-i-giardini-che-non-sai-scaled.jpg 2048w\" sizes=\"auto, (max-width: 240px) 100vw, 240px\" \/><\/a>Alla fine di un anno faticoso, compresso, difficile da capire, un anno che ci ha fatto ridere, piangere, arrabbiare, il Mediaporto di Brindisi apre uno spazio di tregua e di profondit\u00e0. Dicembre diventa un varco e la poesia ne \u00e8 la soglia: un tempo che si scioglie e che torna a respirare. Nasce cos\u00ec Canta, mio cuore, i giardini che non sai, una rassegna di fine anno interamente dedicata alla poesia, un percorso in tre incontri che unisce voci e sensibilit\u00e0 differenti in una stessa ricerca: restituire alla parola poetica la sua forza di sguardo, di cura e di interrogazione sul presente.<\/p>\n<p>\u00abCanta, mio cuore, i giardini che non sai\u00bb, scriveva Rainer Maria Rilke nei Sonetti a Orfeo. \u00c8 da questo verso che prende forma l\u2019iniziativa, pensata come un attraversamento di tre giardini poetici. Il primo sar\u00e0 quello inaugurato da Amerigo Verardi, venerd\u00ec 5 dicembre alle ore 18.00, con la presentazione del suo nuovo libro Il semplice automatismo dei desideri, edito da Collettiva. Dialogher\u00e0 con l\u2019autore Anastasia Luceri.<\/p>\n<p>La rassegna si apre con la seconda raccolta poetica di Amerigo Verardi, artista brindisino che ha segnato con originalit\u00e0 e visione la musica indipendente italiana dagli anni Ottanta a oggi, e che in questo libro conferma anche la piena maturit\u00e0 della sua scrittura poetica. Nel comunicato ufficiale del volume si legge che questo libro di versi pu\u00f2 essere letto come un lungo dialogo, un alternato ritrovarsi e abbandonarsi, alla ricerca di una luce tra il grande tempo ciclico, quello del cosmo e delle ritualit\u00e0 lontane, e un tempo frammentato e quotidiano, che affanna e interroga.<\/p>\n<p>Le poesie si muovono come un flusso di coscienza, quasi del tutto privo di punteggiatura: il pensiero diventa ritmo, respiro, dialogo interiore. Nella scrittura di Verardi si intrecciano denuncia sociale, spiritualit\u00e0 del gesto quotidiano, ironia, memoria intima e desiderio, come se la poesia fosse un luogo dove l\u2019essere umano continua a cercare un passaggio possibile: \u00abl\u2019ingegno di un cuore enorme \/ il semplice automatismo dei desideri \/ andare felici verso un ammaraggio di fortuna\u2026\u00bb<\/p>\n<p>&nbsp;<\/p>\n<p>Amerigo Verardi, nato a Brindisi nel 1965, \u00e8 uno dei protagonisti pi\u00f9 riconosciuti della musica indipendente italiana. Ha collaborato nel corso degli anni con importanti artisti nazionali e internazionali come Manuel Agnelli, Carmen Consoli, Baustelle, Natalie Merchant, Virginiana Miller e Federico Fiumani. Si \u00e8 aggiudicato il Premio MEI come miglior produttore artistico e il Premio PIMI come miglior artista indipendente italiano, mentre con la band dei Lula ha firmato l\u2019album Da dentro, inserito dalla rivista \u201cIl Mucchio Selvaggio\u201d tra i cento migliori dischi rock italiani di sempre. Con Il semplice automatismo dei desideri consegna oggi una voce poetica che fa della coscienza quotidiana un campo di ricerca, una forma di resistenza e una possibilit\u00e0 di cura.<\/p>\n<p>Il secondo incontro sar\u00e0 gioved\u00ec 11 dicembre, sempre alle ore 18.00, con Giuseppe Semeraro e la presentazione del libro Materiali per un respiro, edito da Il Convivio Editore, in dialogo con Luigi D\u2019Elia. Il terzo appuntamento si terr\u00e0 venerd\u00ec 19 dicembre, alle ore 18.00, con Cara, un leporello poetico e un concerto sensoriale ideato da Cristina Carl\u00e0 e curato dal movimento Poesia in Azione, con Cristina Carl\u00e0, Silvana Kuhtz, Enrica Montrone e Marcella Signorile.<\/p>\n<p>La rassegna si svolger\u00e0 negli spazi del MediaPorto \u2013 Biblioteca di Brindisi. L\u2019ingresso \u00e8 libero fino a esaurimento posti.<br \/>\nDicembre quest\u2019anno ha il suono della poesia. Il Mediaporto invita a lasciarsi attraversare.<\/p>\n","protected":false},"excerpt":{"rendered":"<p>Alla fine di un anno faticoso, compresso, difficile da capire, un anno che ci ha fatto ridere, piangere, arrabbiare, il Mediaporto di Brindisi apre uno spazio di tregua e di profondit\u00e0. Dicembre diventa un varco e la poesia ne \u00e8 la soglia: un tempo che si scioglie e che torna a respirare. Nasce cos\u00ec Canta, mio cuore, i giardini che non sai, una rassegna di fine anno interamente dedicata alla poesia, un percorso in tre incontri che unisce voci e sensibilit\u00e0 differenti in una stessa ricerca: restituire alla parola poetica la sua forza di sguardo, di cura e di interrogazione sul presente. \u00abCanta, mio cuore, i giardini che non sai\u00bb, scriveva Rainer Maria Rilke nei Sonetti a Orfeo. \u00c8 da questo verso che prende forma l\u2019iniziativa, pensata come un attraversamento di tre giardini poetici. Il primo sar\u00e0 quello inaugurato da Amerigo Verardi, venerd\u00ec 5 dicembre alle ore 18.00, con la presentazione del suo nuovo libro Il semplice automatismo dei desideri, edito da Collettiva. Dialogher\u00e0 con l\u2019autore Anastasia Luceri. La rassegna&#8230;<\/p>\n","protected":false},"author":2,"featured_media":254058,"comment_status":"closed","ping_status":"closed","sticky":false,"template":"","format":"standard","meta":{"footnotes":""},"categories":[198,7],"tags":[],"class_list":["post-254057","post","type-post","status-publish","format-standard","has-post-thumbnail","hentry","category-cultura-2","category-news"],"_links":{"self":[{"href":"https:\/\/www.brundisium.net\/index.php\/wp-json\/wp\/v2\/posts\/254057","targetHints":{"allow":["GET"]}}],"collection":[{"href":"https:\/\/www.brundisium.net\/index.php\/wp-json\/wp\/v2\/posts"}],"about":[{"href":"https:\/\/www.brundisium.net\/index.php\/wp-json\/wp\/v2\/types\/post"}],"author":[{"embeddable":true,"href":"https:\/\/www.brundisium.net\/index.php\/wp-json\/wp\/v2\/users\/2"}],"replies":[{"embeddable":true,"href":"https:\/\/www.brundisium.net\/index.php\/wp-json\/wp\/v2\/comments?post=254057"}],"version-history":[{"count":1,"href":"https:\/\/www.brundisium.net\/index.php\/wp-json\/wp\/v2\/posts\/254057\/revisions"}],"predecessor-version":[{"id":254060,"href":"https:\/\/www.brundisium.net\/index.php\/wp-json\/wp\/v2\/posts\/254057\/revisions\/254060"}],"wp:featuredmedia":[{"embeddable":true,"href":"https:\/\/www.brundisium.net\/index.php\/wp-json\/wp\/v2\/media\/254058"}],"wp:attachment":[{"href":"https:\/\/www.brundisium.net\/index.php\/wp-json\/wp\/v2\/media?parent=254057"}],"wp:term":[{"taxonomy":"category","embeddable":true,"href":"https:\/\/www.brundisium.net\/index.php\/wp-json\/wp\/v2\/categories?post=254057"},{"taxonomy":"post_tag","embeddable":true,"href":"https:\/\/www.brundisium.net\/index.php\/wp-json\/wp\/v2\/tags?post=254057"}],"curies":[{"name":"wp","href":"https:\/\/api.w.org\/{rel}","templated":true}]}}