{"id":254715,"date":"2025-12-15T13:02:38","date_gmt":"2025-12-15T12:02:38","guid":{"rendered":"https:\/\/www.brundisium.net\/?p=254715"},"modified":"2025-12-23T18:29:03","modified_gmt":"2025-12-23T17:29:03","slug":"torna-i-suoni-della-devozione-la-rassegna-di-musicale-internazionale-nelle-chiese-storiche-di-brindisi","status":"publish","type":"post","link":"https:\/\/www.brundisium.net\/index.php\/torna-i-suoni-della-devozione-la-rassegna-di-musicale-internazionale-nelle-chiese-storiche-di-brindisi\/","title":{"rendered":"Torna &#8220;I Suoni della Devozione&#8221;, la rassegna di musicale internazionale nelle chiese storiche di Brindisi"},"content":{"rendered":"<p>II suoni delle Devozione giunta alla sua venticinquesima edizione \u00e8 una rassegna musicale internazionale che trasforma le chiese storiche di Brindisi in spazi vivi di bellezza: non semplici concerti, ma incontri profondi tra suono, fede, storia e culture del mondo. La rassegna nasce negli anni \u201990 ed \u00e8 ideata e diretta artisticamente da Roberto Caroppo. Nel corso del tempo \u00e8 diventata un punto di riferimento culturale per la citt\u00e0, un modo di leggere il sacro non come qualcosa di distante, ma come esperienza condivisa attraverso linguaggi musicali antichi e contemporanei. Gli spettacoli si svolgono tra le navate e le volte delle chiese pi\u00f9 suggestive di Brindisi, come la Chiesa del Cristo dei Domenicani, San Benedetto, Santa Lucia, e altre sedi storiche \u2014 luoghi che diventano palcoscenico per musiche che parlano d\u2019anima.<\/p>\n<p>&nbsp;<\/p>\n<p>Tradizionalmente la rassegna si colloca nel periodo dell\u2019Avvento e si intreccia con il cartellone delle feste cittadine.<br \/>\nUna musica non solo classica o sacra nel senso convenzionale: l\u2019idea \u00e8 stata quella di abbracciare culture diverse, sonorit\u00e0 e raccontare la spiritualit\u00e0 attraverso il suono mediterraneo e universale, e i linguaggi popolari e tradizioni musicali meno conosciute.<br \/>\nUn percorso in cui, nel lungo ventennio, nello spazio religioso delle millenarie chiese di Brindisi hanno risuonato melodie arabe, ottomane, sefardite, greche, armene, spagnole, inglesi, irlandesi, ebree, palestinesi, o come il gruppo femminile iraniano delle Rozaneh e il canto accompagnato dall\u2019oud, antico strumento orientale dell\u2019artista libanese Lamia Yared della scorsa edizione che non solo ha concluso la rassegna ma ne ha custodito lo spirito: tracciando un invisibile ponte tra saperi antichi e il nostro presente, tra Oriente e Occidente, tra devozione e musica. Perch\u00e9 qui la musica diventa esperienza umana: non si tratta solo di note, ma di luoghi che parlano di storia e persone, di archi e voci che risuonano dove secoli di fede hanno lasciato tracce profonde. \u00c8 un invito ad ascoltare \u2014 il cuore, oltre alle corde vocali e agli strumenti<\/p>\n<p>Gli ospiti de \u201cI suoni della Devozione\u201d Rozaneh (Iran), Dijvan Gasparyan (Armenia), Martin O&#8217;Connor (Irlanda), Karen Matheson Band (Scotland), Janet Arbison e Belfast Harp Orchestra (Irlanda), Maire Ni Chatasaigh (Irlanda), Shine (Scotland), Timna Brauer e Elias Meiri (Yemen-Israele), Orchestra araba di Nazareth (Israele\/Palestina), Kathryn Tickell band (Inghilterra), Savina Yannatou e Primavera en Salonico (Grecia), Silvia Malagugini e la Compagnia Nona Sima (Francia), Dave Swarbrick (Inghilterra), Zar (Danimarca), Moni Ovadia, Ensemble Micrologus, Anonima Frottolisti, Peppe Barra e Lino Cannavacciuolo, Enzo Avitabile, Luigi Lai e Baba Sissoko, Elena Ledda, Theatrum Instrumentorum, Chominciamento di Gioia, Musica Officinalis, Gianni Perilli, Solis String Quartet, Alice, Antonella Ruggero e Ark\u00e8 String Quartet, Ambrogio Sparagna, La Confraternita de Musici, Franca Masu e Fausto Beccalossi, Savina Yannatou, Peppe Servillo, Nafra (Malta), Robin Brown and the Triumphant of Delegation (U.S.A.), Grainne Hambly Billy Jackson (Irlanda), Hevia (Asturie,Spagna)e Blackvoices (Inghilterra), Michele Gazich, Quintana Ensemble del Mediterraneo, Raffaello Simeoni con Gabriele Russo e Goffredo Degli Esposti di Ensemble Micrologus, Michele Gazich, Trio Fassler-Kolbener (CH) e in ultimo lo scorso anno il prestigioso trio femminile Lamorivostri, Maria Moramarco e Uaragniaun e dalla Notte della Taranta Enza Pagliara accompagnata da Dario Muci e Marco Bardoscia, Raffaello Simeoni, Patrizia Bovi, Leah Stuttard, Arturo Stalteri, Sancto Janne, Claudio Prima &amp; Progetto Se.Me, La Manticora, Jodel-Duett Kiser-Hodel, Il Duo Rocca-Benigni e dal Libano Lamia Yared.<\/p>\n<p>&nbsp;<\/p>\n<p><strong><a href=\"https:\/\/www.brundisium.net\/brun\/wp-content\/uploads\/2025\/12\/suoni-devozione-181225.jpg\"><img loading=\"lazy\" decoding=\"async\" class=\"size-medium wp-image-254718 alignleft\" src=\"https:\/\/www.brundisium.net\/brun\/wp-content\/uploads\/2025\/12\/suoni-devozione-181225-212x300.jpg\" alt=\"\" width=\"212\" height=\"300\" srcset=\"https:\/\/www.brundisium.net\/brun\/wp-content\/uploads\/2025\/12\/suoni-devozione-181225-212x300.jpg 212w, https:\/\/www.brundisium.net\/brun\/wp-content\/uploads\/2025\/12\/suoni-devozione-181225-724x1024.jpg 724w, https:\/\/www.brundisium.net\/brun\/wp-content\/uploads\/2025\/12\/suoni-devozione-181225-768x1086.jpg 768w, https:\/\/www.brundisium.net\/brun\/wp-content\/uploads\/2025\/12\/suoni-devozione-181225-1086x1536.jpg 1086w, https:\/\/www.brundisium.net\/brun\/wp-content\/uploads\/2025\/12\/suoni-devozione-181225.jpg 1131w\" sizes=\"auto, (max-width: 212px) 100vw, 212px\" \/><\/a>Duo Friscaletto<\/strong><br \/>\n<strong>Zampogne friscaletto e organo<\/strong><\/p>\n<p><strong>Pietro Cernuto: Friscaletto, Zampogna, Voce<\/strong><br \/>\n<strong>Pietro Pisano: Organo<\/strong><\/p>\n<p><strong>Chiesa di San Vito Martire<\/strong><br \/>\n<strong>18 dicembre ore 20,00<\/strong><\/p>\n<p>Il progetto Friscaletto \u2013 Zampogna e Organo nasce dal desiderio e dall\u2019incontro di entrambi i musicisti Pietro Cernuto e Pietro Pisano di dare vita ad una formazione unica e diversa allo stesso tempo. Il friscaletto, flauto di canna siciliano, generalmente conosciuto come strumento virtuoso della musica folkloristica siciliana, un flauto pastorale, s\u00ec, ma con un&#8217;anima pi\u00f9 agile, pi\u00f9 teatrale. I suonatori siciliani lo portavano ovunque: nei mercati pieni di voci, nelle feste di paese, sotto i balconi nelle sere d\u2019estate. Ogni friscaletto \u00e8 leggermente diverso, fatto a mano, e questo lo rende cos\u00ec umano: nessuno suona esattamente come un altro. Le zampogne ( a paro, a chiave, gigante) e il canto popolare, incontrano in questo concerto l\u2019organo, uno strumento tanto imponente quanto importante in tutto il panorama della musica classica. Strumenti musicali apparentemente lontani ma costruttivamente molto vicini, in quanto tutti appartenenti alla grande famiglia degli aerofoni, che incontrandosi danno vita a impasti sonori dal risultato molto gradevole all\u2019orecchio dell\u2019ascoltatore e molto soddisfacente alle emozioni degli interpreti. Un repertorio costituito sia da brani appartenenti al mondo della tradizione popolare, sia da brani originali composti dagli stessi esecutori pensando appositamente al particolare suono di questa formazione, sia da brani composti dai pi\u00f9 grandi e conosciuti compositori che hanno segnato la storia della grande musica dal Barocco all\u2019Ottocento, come Bach, Vivaldi, Hendel, ripresi ed adattati ai limiti esecutivi del Friscaletto, per arrivare anche a toccare alcune tra le melodie pi\u00f9 conosciute nel mondo delle colonne sonore, come Gabriel\u2019s oboe di Morricone. Il tutto scritto e arrangiato anche senza snaturare la scrittura e la bellezza musicale delle composizioni stesse, riuscendo in questo modo a valorizzare ogni strumento e a far emergere le diverse potenzialit\u00e0 timbriche degli stessi.<\/p>\n<p><em>PIETRO CERNUTO<\/em><\/p>\n<p>Diplomato in sassofono col massimo dei voti al Conservatorio\u201cA. Corelli\u201d di Messina sotto la guida del Maestro Vito Soranno, vincitore di 32 Primi Premi vinti in vari Concorsi Musicali Nazionali e Internazionali, attualmente primo sax tenore della Banda Nazionale dell\u2019Esercito Italiano, dall\u2019et\u00e0 di 10 anni si avvicina allo studio della Zampogna a Paro Messinese e del Friscaletto Siciliano, dedicandosi a questi con la stessa costanza e interesse che si hanno per un qualsiasi altro strumento musicale. Ha conosciuto e frequentato quasi tutti gli anziani zampognari del messinese, e grazie alla loro disponibilit\u00e0, ha imparato le tecniche di esecuzione, interpretazione, il repertorio e tutto ci\u00f2 che bisogna sapere per mantenere in perfetta efficienza la funzionalit\u00e0 di questi strumenti. Vincitore di numerose gare per zampogna, rassegne di musica popolare, che si svolgono regolarmente in Sicilia e fuori dallo stretto, nel 2002 vince il premio \u201cZampogna D\u2019oro\u201d alla rassegna internazionale di musica popolare che si tiene a Erice (TP). Attualmente fa parte del gruppo di musica popolare siciliana \u201cUNAVANTALUNA \u201d, di cui \u00e8 uno dei fondatori, ma anche di altre formazioni importanti come: TAMATRIO, TAMBURI DEL VESUVIO, DUO SONANTIQUA, DUO Friscaletto e Organo, FRISCALETTIAMO &#8211; progetto per Friscaletto e Orchestra di Flauti Traversi, l\u2019Orchestra \u201cI Flauti di Toscanini\u201d diretta dal M\u00b0 Paolo Totti. Con queste formazioni partecipa ormai con regolarit\u00e0 alle pi\u00f9 importanti manifestazioni e festival musicali del settore, sia in Italia che all\u2019Estero.In Italia meritano di essere citati: Festival della Zampogna di Maranola e Scapoli; Caulonia; Forlimpopoli; Alessandria del Carretto in Calabria; Festival Enrica Etnica di Veroli, Civitella Alfedena, Ravenna Festival, Napoli in Piazza del Plebiscito, Festival Paleariza, Riccia folk festival, Pisa folk festival, Carpino Folk festival , Negro Festival, Folkest a Spilimbergo, ExpoJazz a Cagliari, Suk Festival a genova, Festival Internazionale di chitarra a Sarzana, e tanti altri. Nella Capitale importanti sono i concerti tenuti al Museo di Arti e Tradizioni Popolari, alla Discoteca di Stato, a Villa Ada in occasione del Festival \u201cRoma incontra il mondo\u201d, al Teatro Romano di Ostia Antica, all\u2019Auditorium di Tor Vergata, e all\u2019 Auditorium Parco della Musica. Importantissima la doppia partecipazione ai Concerti del Quirinale in diretta su Radio 3, sia col progetto: \u201cMusiche della Sardegna\u201d nel 2015 e sia con gli Unavantaluna nel 2016. All\u2019estero importanti sono state le esibizioni al festival Berlioz in Francia, ma anche in Portogallo, Svizzera, Germania, Danimarca, Croazia, Polonia, Tunisia, Taiwan in Cina, e in ultimo la Tourn\u00e8 in Australia nel 2018 con gli Unavantaluna.Nel 2013 con gli Unavantaluna vince uno dei premi pi\u00f9 importanti della World Music, il Prestigioso \u201cPREMIO PARODI\u201d che si svolge in Sardegna a Cagliari. Nel 2016, sempre con gli Unavantaluna, vince il Premio \u201cZAGARAD\u2019ARGENTO\u201d, quale segno di riconoscimento da parte della Regione Siciliana come portatore delle tradizioni musicali siciliane nel mondo. Partecipa a programmi radiofonici e televisivi per RAI 1, RAI 2, RAI 3, RADIO 2, RADIO 3, Radio Vaticana, Radio Popolare, SAT 2000, Radio in Blu, Rai International, SKY, e altre minori Alcune delle proprie musiche sono state inserite in Documentari sulla Sicilia mandate in onda sulla RAI nella trasmissione Geo e Geo, Line Verde. Collabora costantemente con musicisti importanti del settore, come Elena Ledda, Luigi Lai, Mauo Palmas, Nando Citarella, Enzo Avitabile, Riccardo Tesi, Patrick Vaillant, Ian Harrison, Ziad Trabelsi, Alessandro D\u2019Alessandro, e tanti altri. Al suo attivo ha l\u2019incisione di parecchi CD.Di alcuni di questi ha scritto<\/p>\n<p><em>PIETRO PISANO<\/em><\/p>\n<p>Inizia gli studi del pianoforte all\u2019et\u00e0 di otto anni sotto la guida della maestra Nella Pinto. Diplomato in pianoforte, in musica corale e direzione di coro presso il conservatorio di Avellino. Allievo di composizione del M\u00b0 Giacomo Vitale. Diplomato all\u2019Istituto d\u2019arte \u201cF. Menna\u201d di Salerno in grafica pubblicitaria e fotografia. Fonda nel 1996 insieme a sei amici i ;Musicastoria, gruppo musicapopolare che si occupa del recupero delle musiche tradizionali dell&#8217;area campana e del resto del sud Italia, facendo studi sul campo attraverso gli anziani e le feste popolari. Da l\u00ec collaborazioni con i grandi della musica popolare come: Giovanni Mauriello, Marcello Colasurdo, Giovanni Coffarelli, Ugo Maiorano, Giovanni Imparato, Nando Citarella e Gianni Lamagna. Fa esperienze lavorative con RAI FICTION e nella pubblicit\u00e0 come assistente operatore sotto le regie di Claudio Bonivento e Ferzan Ozpetek. Ha frequentato i corsi di perfezionamento pianistico tenuti dal pianista concertista m\u00b0 Francesco Nicolosi. Ha collaborato come musicista in gruppi di musica popolare LaParanza dell Agro (gruppo di musica popolare dell\u2019area Nocerino\/Sarnese) e KIEPO\u2019 (gruppo di musica popolare Cilentana). Collabora sia come musicista che come autore e arrangiatore al progetto Tamburi del Vesuvio di Nando Citarella . Nel 2010 cura sia le composizioni che le direzioni artistiche delle opere PASSIO CHRISTI; di Giacomo Vitale, e; LA PIEDIGROTTA evocando un suono, sognando la festa di Giacomo Vitale e Rosario Totaroprodotte dal Conservatorio D. Cimarosa di Avellino. Ha scritto le orchestrazioni per il concerto del 18 settembre 2013 in occasione dei festeggiamenti di San Matteo ad Oviedo (Spagna) per l\u2019orchestra sinfonica \u201cOviedo Filarmonia\u201d diretta dal M\u00b0 Marzio Conti.<\/p>\n<p>&nbsp;<\/p>\n<p><strong><a href=\"https:\/\/www.brundisium.net\/brun\/wp-content\/uploads\/2025\/12\/suoni-devozione-231225.jpg\"><img loading=\"lazy\" decoding=\"async\" class=\"alignright size-medium wp-image-254719\" src=\"https:\/\/www.brundisium.net\/brun\/wp-content\/uploads\/2025\/12\/suoni-devozione-231225-212x300.jpg\" alt=\"\" width=\"212\" height=\"300\" srcset=\"https:\/\/www.brundisium.net\/brun\/wp-content\/uploads\/2025\/12\/suoni-devozione-231225-212x300.jpg 212w, https:\/\/www.brundisium.net\/brun\/wp-content\/uploads\/2025\/12\/suoni-devozione-231225-724x1024.jpg 724w, https:\/\/www.brundisium.net\/brun\/wp-content\/uploads\/2025\/12\/suoni-devozione-231225-768x1086.jpg 768w, https:\/\/www.brundisium.net\/brun\/wp-content\/uploads\/2025\/12\/suoni-devozione-231225-1086x1536.jpg 1086w, https:\/\/www.brundisium.net\/brun\/wp-content\/uploads\/2025\/12\/suoni-devozione-231225.jpg 1131w\" sizes=\"auto, (max-width: 212px) 100vw, 212px\" \/><\/a>IL CANTO DI HILDEGARD, VOCE DEL SUO TEMPO<\/strong><br \/>\n<strong>La rivelazione musicale medievale di Hildegard von Bingen<\/strong><\/p>\n<p><strong>Chiesa di Santa Lucia o della Santissima Trinit\u00e0<\/strong><br \/>\n<strong>23 dicembre ore 20,00<\/strong><\/p>\n<p><strong>Elena Modena: voce, arpa medievale, viella, percussione campane<\/strong><br \/>\n<strong>Ilario Gregoletto: organo portativo, flauti diritti, cialamello, viella, lyra, organistrum<\/strong><\/p>\n<p>Hildegard von Bingen\u2026 una tempesta luminosa nel mezzo del Medioevo. La sua voce una finestra schiusa in un monastero per scoprire oltre al silenzio, un vento che canta. Stili e forme diverse che si intrecciano al canto di HIldegard, prima musicista nota in Occidente: il suo ampio repertorio liturgico, pregno di fervore contemplativo, tocca temi e figure salienti, che fanno da trama a questo percorso, con particolare riguardo al Tempo dell\u2019Avvento. Una musica non \u201cantica\u201d: ma sospesa, come se provenisse da un luogo senza tempo. Melodie che salgono lentamente verso il cielo, con salti audaci che nessun altro compositore dell\u2019epoca osava tentare. Lei invece prendeva il respiro dell\u2019anima e lo trasformava in linee vocali che sembrano scalare una montagna fino a toccare il divino. La sua essenza musicale proveniva da visioni &#8211; vere e proprie folgorazioni interiori che lei traduceva in parole e suoni. Ogni antifona, ogni responsorio \u00e8 un frammento di luce che filtra attraverso la vetrata colorata di una chiesa: irregolare, ma potentissimo.<br \/>\nProporla all\u2019interno della XXV edizione de I suoni della Devozione ideata dal 1999 da Roberto Magnani Caroppo nell\u2019antica chiesa di Santa Lucia o della Santissima Trinit\u00e0 costituisce un piccolo rito evocativo che mette in contatto con un Medioevo che non appare affatto buio, bens\u00ec vibrante, femminile, coraggioso.<br \/>\nInUnum ensemble il duo formato da Elena Modena\u00a0voce, arpa gotica, viella, campane, percussioni e Ilario Gregoletto\u00a0organo portativo, claviciterio, flauti diritti, viella, lyra, organistrum, \u00e8 sorto nel 2003 per la divulgazione del repertorio medievale, in particolare la produzione polifonica sacra dal Duecento al Quattrocento; fa capo al Centro Studi Claviere di Vittorio Veneto (TV).<\/p>\n","protected":false},"excerpt":{"rendered":"<p>II suoni delle Devozione giunta alla sua venticinquesima edizione \u00e8 una rassegna musicale internazionale che trasforma le chiese storiche di Brindisi in spazi vivi di bellezza: non semplici concerti, ma incontri profondi tra suono, fede, storia e culture del mondo. La rassegna nasce negli anni \u201990 ed \u00e8 ideata e diretta artisticamente da Roberto Caroppo. Nel corso del tempo \u00e8 diventata un punto di riferimento culturale per la citt\u00e0, un modo di leggere il sacro non come qualcosa di distante, ma come esperienza condivisa attraverso linguaggi musicali antichi e contemporanei. Gli spettacoli si svolgono tra le navate e le volte delle chiese pi\u00f9 suggestive di Brindisi, come la Chiesa del Cristo dei Domenicani, San Benedetto, Santa Lucia, e altre sedi storiche \u2014 luoghi che diventano palcoscenico per musiche che parlano d\u2019anima. &nbsp; Tradizionalmente la rassegna si colloca nel periodo dell\u2019Avvento e si intreccia con il cartellone delle feste cittadine. Una musica non solo classica o sacra nel senso convenzionale: l\u2019idea \u00e8 stata quella di abbracciare culture diverse, sonorit\u00e0 e raccontare&#8230;<\/p>\n","protected":false},"author":2,"featured_media":254720,"comment_status":"closed","ping_status":"closed","sticky":false,"template":"","format":"standard","meta":{"footnotes":""},"categories":[189,7],"tags":[],"class_list":["post-254715","post","type-post","status-publish","format-standard","has-post-thumbnail","hentry","category-musica-2","category-news"],"_links":{"self":[{"href":"https:\/\/www.brundisium.net\/index.php\/wp-json\/wp\/v2\/posts\/254715","targetHints":{"allow":["GET"]}}],"collection":[{"href":"https:\/\/www.brundisium.net\/index.php\/wp-json\/wp\/v2\/posts"}],"about":[{"href":"https:\/\/www.brundisium.net\/index.php\/wp-json\/wp\/v2\/types\/post"}],"author":[{"embeddable":true,"href":"https:\/\/www.brundisium.net\/index.php\/wp-json\/wp\/v2\/users\/2"}],"replies":[{"embeddable":true,"href":"https:\/\/www.brundisium.net\/index.php\/wp-json\/wp\/v2\/comments?post=254715"}],"version-history":[{"count":1,"href":"https:\/\/www.brundisium.net\/index.php\/wp-json\/wp\/v2\/posts\/254715\/revisions"}],"predecessor-version":[{"id":254721,"href":"https:\/\/www.brundisium.net\/index.php\/wp-json\/wp\/v2\/posts\/254715\/revisions\/254721"}],"wp:featuredmedia":[{"embeddable":true,"href":"https:\/\/www.brundisium.net\/index.php\/wp-json\/wp\/v2\/media\/254720"}],"wp:attachment":[{"href":"https:\/\/www.brundisium.net\/index.php\/wp-json\/wp\/v2\/media?parent=254715"}],"wp:term":[{"taxonomy":"category","embeddable":true,"href":"https:\/\/www.brundisium.net\/index.php\/wp-json\/wp\/v2\/categories?post=254715"},{"taxonomy":"post_tag","embeddable":true,"href":"https:\/\/www.brundisium.net\/index.php\/wp-json\/wp\/v2\/tags?post=254715"}],"curies":[{"name":"wp","href":"https:\/\/api.w.org\/{rel}","templated":true}]}}