{"id":254829,"date":"2025-12-17T10:44:50","date_gmt":"2025-12-17T09:44:50","guid":{"rendered":"https:\/\/www.brundisium.net\/?p=254829"},"modified":"2025-12-17T12:54:05","modified_gmt":"2025-12-17T11:54:05","slug":"premio-internazionale-giuseppe-fasano-grottaglie-citta-delle-ceramiche-il-19-dicembre-la-ix-edizione-al-castello-dentice-di-frasso-a-san-vito-dei-normanni","status":"publish","type":"post","link":"https:\/\/www.brundisium.net\/index.php\/premio-internazionale-giuseppe-fasano-grottaglie-citta-delle-ceramiche-il-19-dicembre-la-ix-edizione-al-castello-dentice-di-frasso-a-san-vito-dei-normanni\/","title":{"rendered":"Premio Internazionale \u201cGiuseppe Fasano\u201d \u2013 Grottaglie Citt\u00e0 delle Ceramiche: il 19 dicembre la IX edizione al Castello Dentice di Frasso a  San Vito dei Normanni"},"content":{"rendered":"<p>Venerd\u00ec 19 dicembre, alle ore 18.30, il Castello Dentice di Frasso di San Vito dei Normanni (Brindisi) far\u00e0 da cornice alla nona edizione del Premio Internazionale \u201cGiuseppe Fasano\u201d \u2013 Grottaglie Citt\u00e0 delle Ceramiche, appuntamento che nel tempo si \u00e8 affermato come uno dei momenti pi\u00f9 significativi del calendario culturale pugliese. La manifestazione, ideata e promossa da Giuseppe Fasano, continua a rappresentare un punto di incontro tra memoria storica, valorizzazione del talento e attenzione al presente, in un dialogo costante tra tradizione artigianale e contemporaneit\u00e0.<br \/>\nIl premio affonda le proprie radici nella secolare tradizione ceramica della famiglia Fasano, attiva dal 1620, e rende omaggio alla figura di Nicola Fasano, maestro artigiano e uomo di profonda sensibilit\u00e0 culturale. Il suo insegnamento, fondato sulla cura del dettaglio, sul rispetto del lavoro manuale e sulla trasmissione del sapere, resta il filo conduttore di un progetto che, edizione dopo edizione, amplia il proprio raggio d\u2019azione, coinvolgendo ambiti diversi dell\u2019arte, della cultura, dell\u2019imprenditoria e dell\u2019impegno civile.<br \/>\nLa scelta del Castello Dentice di Frasso, residenza storica ancora abitata dalla famiglia d\u2019origine e caratterizzata da arredi autentici, pavimentazioni antiche e un giardino secolare, contribuisce a rafforzare il valore simbolico dell\u2019iniziativa. Un luogo che, anche grazie alla consolidata amicizia con il principe Giuliano Dentice di Frasso e la principessa Fabrizia Favia, si conferma spazio ideale per una cerimonia che intende celebrare l\u2019eccellenza in tutte le sue forme.<br \/>\nLa serata si aprir\u00e0 con i saluti del Presidente del Premio, Giuseppe Fasano e dei principi Giuliano e Fabrizia Dentice di Frasso, la tradizionale laudatio del prof. Francesco Lenoci dal titolo \u201cIl turismo benevolo Made In Puglia\u201d, seguita dall\u2019intervento del prof. Francesco Schittulli, che presenter\u00e0 il suo ultimo libro \u201cUna vita per vincere il cancro\u201d. Un momento di riflessione che preceder\u00e0 il cuore della manifestazione: la cerimonia di conferimento dei premi dell\u2019edizione 2025. Tra gli ospiti della serata figurano Yari Carrisi Power, le \u201cnonnine di Ostuni\u201d dell\u2019associazione Il filo di Arianna, celebri per la loro esibizione con Tommy Cash nel brano \u201cEspresso macchiato\u201d, e le ballerine di pizzica dell\u2019associazione Le Radici del Sud.<br \/>\nAd essere premiati saranno Edoardo Winspeare, regista, sceneggiatore e attore, tra le voci pi\u00f9 autorevoli del cinema d\u2019autore legato al Sud Italia; Antonia Dell\u2019Atte, icona della moda internazionale, che ricever\u00e0 il riconoscimento insieme alla sorella Anna Rita Dell\u2019Atte, designer e produttrice; Katherine Price Mondadori, da anni legata alla Puglia da un rapporto personale e culturale autentico; Michele Conenna, meteorologo e volto di Telenorba, accompagnato dalle celebri \u201cnonne di Ostuni\u201d dell\u2019associazione Il filo di Arianna, diventate fenomeno mediatico nazionale; Vito Montanaro, direttore del Dipartimento Salute della Regione Puglia; Piero Albanese, promotore dell\u2019associazione Le Radici del Sud; Laura Rampino e Riccardo Laudisa di Argenti Solara, eccellenza dell\u2019artigianato artistico pugliese e partner ufficiale dei doni del G7 Italia 2024; la giovanissima Bianca Maria Del Vecchio, talento precoce ammesso all\u2019Accademia Teatro alla Scala; Pietro Demita, fondatore di Diamond Couture, stilista noto per i suoi abiti-gioiello; Elio Orciuolo, direttore d\u2019orchestra e docente al Conservatorio \u201cN. Rota\u201d di Monopoli e la scrittrice e studiosa Marilena Lucente, impegnata da anni nella riflessione sui linguaggi educativi e culturali.<br \/>\nLa serata, organizzata dalla giornalista Titty Battista, sar\u00e0 condotta da Maria Liuzzi, volto noto di Telenorba, e vedr\u00e0 la partecipazione di autorit\u00e0 civili e militari, a conferma dell\u2019attenzione istituzionale riservata al Premio. Il Premio Internazionale \u201cGiuseppe Fasano\u201d si conferma cos\u00ec non solo come momento celebrativo, ma come occasione di confronto e condivisione, capace di raccontare il territorio attraverso storie di eccellenza e di futuro.<br \/>\nPer info: premiofasano2025@gmail.com.<\/p>\n","protected":false},"excerpt":{"rendered":"<p>Venerd\u00ec 19 dicembre, alle ore 18.30, il Castello Dentice di Frasso di San Vito dei Normanni (Brindisi) far\u00e0 da cornice alla nona edizione del Premio Internazionale \u201cGiuseppe Fasano\u201d \u2013 Grottaglie Citt\u00e0 delle Ceramiche, appuntamento che nel tempo si \u00e8 affermato come uno dei momenti pi\u00f9 significativi del calendario culturale pugliese. La manifestazione, ideata e promossa da Giuseppe Fasano, continua a rappresentare un punto di incontro tra memoria storica, valorizzazione del talento e attenzione al presente, in un dialogo costante tra tradizione artigianale e contemporaneit\u00e0. Il premio affonda le proprie radici nella secolare tradizione ceramica della famiglia Fasano, attiva dal 1620, e rende omaggio alla figura di Nicola Fasano, maestro artigiano e uomo di profonda sensibilit\u00e0 culturale. Il suo insegnamento, fondato sulla cura del dettaglio, sul rispetto del lavoro manuale e sulla trasmissione del sapere, resta il filo conduttore di un progetto che, edizione dopo edizione, amplia il proprio raggio d\u2019azione, coinvolgendo ambiti diversi dell\u2019arte, della cultura, dell\u2019imprenditoria e dell\u2019impegno civile. La scelta del Castello Dentice di Frasso, residenza storica ancora&#8230;<\/p>\n","protected":false},"author":2,"featured_media":254834,"comment_status":"closed","ping_status":"closed","sticky":false,"template":"","format":"standard","meta":{"footnotes":""},"categories":[7],"tags":[],"class_list":["post-254829","post","type-post","status-publish","format-standard","has-post-thumbnail","hentry","category-news"],"_links":{"self":[{"href":"https:\/\/www.brundisium.net\/index.php\/wp-json\/wp\/v2\/posts\/254829","targetHints":{"allow":["GET"]}}],"collection":[{"href":"https:\/\/www.brundisium.net\/index.php\/wp-json\/wp\/v2\/posts"}],"about":[{"href":"https:\/\/www.brundisium.net\/index.php\/wp-json\/wp\/v2\/types\/post"}],"author":[{"embeddable":true,"href":"https:\/\/www.brundisium.net\/index.php\/wp-json\/wp\/v2\/users\/2"}],"replies":[{"embeddable":true,"href":"https:\/\/www.brundisium.net\/index.php\/wp-json\/wp\/v2\/comments?post=254829"}],"version-history":[{"count":1,"href":"https:\/\/www.brundisium.net\/index.php\/wp-json\/wp\/v2\/posts\/254829\/revisions"}],"predecessor-version":[{"id":254835,"href":"https:\/\/www.brundisium.net\/index.php\/wp-json\/wp\/v2\/posts\/254829\/revisions\/254835"}],"wp:featuredmedia":[{"embeddable":true,"href":"https:\/\/www.brundisium.net\/index.php\/wp-json\/wp\/v2\/media\/254834"}],"wp:attachment":[{"href":"https:\/\/www.brundisium.net\/index.php\/wp-json\/wp\/v2\/media?parent=254829"}],"wp:term":[{"taxonomy":"category","embeddable":true,"href":"https:\/\/www.brundisium.net\/index.php\/wp-json\/wp\/v2\/categories?post=254829"},{"taxonomy":"post_tag","embeddable":true,"href":"https:\/\/www.brundisium.net\/index.php\/wp-json\/wp\/v2\/tags?post=254829"}],"curies":[{"name":"wp","href":"https:\/\/api.w.org\/{rel}","templated":true}]}}