{"id":254901,"date":"2025-12-17T17:32:58","date_gmt":"2025-12-17T16:32:58","guid":{"rendered":"https:\/\/www.brundisium.net\/?p=254901"},"modified":"2025-12-17T17:32:58","modified_gmt":"2025-12-17T16:32:58","slug":"la-vie-en-rose-brindisi-nel-team-dei-fioristi-per-il-concerto-di-natale-in-vaticano","status":"publish","type":"post","link":"https:\/\/www.brundisium.net\/index.php\/la-vie-en-rose-brindisi-nel-team-dei-fioristi-per-il-concerto-di-natale-in-vaticano\/","title":{"rendered":"La Vie en Rose Brindisi nel team dei fioristi per il Concerto di Natale in Vaticano"},"content":{"rendered":"<p>Un\u2019esperienza unica per\u00a0La Vie en Rose Brindisi, chiamata a far parte del team di fioristi che ha allestito il prestigioso\u00a0Concerto di Natale in Vaticano, trasmesso il giorno di Natale su Canale 5. L\u2019iniziativa, realizzata in collaborazione con l\u2019Associazione Floricoltori e Fioristi Italiani (AFFI)\u00a0\u2013 di cui fanno parte La Vie en Rose \u2013 e presieduta da\u00a0Cristiano Genovali\u00a0con\u00a0Mara Verbena\u00a0come vice presidente \u2013 ha visto la partecipazione di professionisti provenienti da tutta Italia, uniti dalla passione per il\u00a0floral design\u00a0e dalla cura di ogni dettaglio.<\/p>\n<p>Quest\u2019anno il concerto ha avuto anche uno scopo benefico: il ricavato degli sponsor, dei biglietti e della raccolta tramite il numero\u00a048895\u00a0sar\u00e0 destinato alla\u00a0costruzione di una scuola in Congo, un gesto che unisce musica, arte e solidariet\u00e0.<\/p>\n<p>Il team de La Vie en Rose, oltre al concerto, ha contribuito all\u2019allestimento del\u00a0gal\u00e0 successivo, una cena per oltre\u00a0520 ospiti VIP\u00a0in uno dei luoghi pi\u00f9 suggestivi di Roma, con scenografie floreali studiate per valorizzare l\u2019atmosfera elegante e festosa\u00a0dell\u2019evento. Ogni composizione \u00e8 stata realizzata con attenzione, armonizzando\u00a0stile, colore e creativit\u00e0, raccontando attraverso i fiori l\u2019emozione del Natale in una cornice di prestigio internazionale.<\/p>\n<p>Per i professionisti de La Vie en Rose,\u00a0Pasquale, Luigina e Maura, \u00e8 stata l\u2019occasione di portare a Roma l\u2019eccellenza del\u00a0floral design di Brindisi, dimostrando come creativit\u00e0 e professionalit\u00e0 possano trasformare un evento in un\u2019esperienza multisensoriale. \u00abFar parte di questo progetto \u00e8 stato un vero onore \u2013 racconta\u00a0Pasquale Spluga\u00a0\u2013 Contribuire alla magia del Concerto di Natale e del gal\u00e0 \u00e8 stato emozionante, un riconoscimento importante per il nostro lavoro e per la citt\u00e0 che rappresentiamo\u00bb.<\/p>\n<p>L\u2019evento conferma l\u2019alto livello dei\u00a0fioristi italiani\u00a0e l\u2019abilit\u00e0 di realt\u00e0 come La Vie en Rose nel tradurre\u00a0eleganza, stile e originalit\u00e0\u00a0in composizioni che parlano al cuore dei partecipanti. Una vera\u00a0vetrina internazionale per Brindisi\u00a0e per il talento dei suoi artigiani floreali, che unisce\u00a0arte, tradizione e innovazione\u00a0in un unico grande progetto.<\/p>\n","protected":false},"excerpt":{"rendered":"<p>Un\u2019esperienza unica per\u00a0La Vie en Rose Brindisi, chiamata a far parte del team di fioristi che ha allestito il prestigioso\u00a0Concerto di Natale in Vaticano, trasmesso il giorno di Natale su Canale 5. L\u2019iniziativa, realizzata in collaborazione con l\u2019Associazione Floricoltori e Fioristi Italiani (AFFI)\u00a0\u2013 di cui fanno parte La Vie en Rose \u2013 e presieduta da\u00a0Cristiano Genovali\u00a0con\u00a0Mara Verbena\u00a0come vice presidente \u2013 ha visto la partecipazione di professionisti provenienti da tutta Italia, uniti dalla passione per il\u00a0floral design\u00a0e dalla cura di ogni dettaglio. Quest\u2019anno il concerto ha avuto anche uno scopo benefico: il ricavato degli sponsor, dei biglietti e della raccolta tramite il numero\u00a048895\u00a0sar\u00e0 destinato alla\u00a0costruzione di una scuola in Congo, un gesto che unisce musica, arte e solidariet\u00e0. Il team de La Vie en Rose, oltre al concerto, ha contribuito all\u2019allestimento del\u00a0gal\u00e0 successivo, una cena per oltre\u00a0520 ospiti VIP\u00a0in uno dei luoghi pi\u00f9 suggestivi di Roma, con scenografie floreali studiate per valorizzare l\u2019atmosfera elegante e festosa\u00a0dell\u2019evento. Ogni composizione \u00e8 stata realizzata con attenzione, armonizzando\u00a0stile, colore e creativit\u00e0, raccontando attraverso i fiori&#8230;<\/p>\n","protected":false},"author":2,"featured_media":254902,"comment_status":"closed","ping_status":"closed","sticky":false,"template":"","format":"standard","meta":{"footnotes":""},"categories":[7],"tags":[],"class_list":["post-254901","post","type-post","status-publish","format-standard","has-post-thumbnail","hentry","category-news"],"_links":{"self":[{"href":"https:\/\/www.brundisium.net\/index.php\/wp-json\/wp\/v2\/posts\/254901","targetHints":{"allow":["GET"]}}],"collection":[{"href":"https:\/\/www.brundisium.net\/index.php\/wp-json\/wp\/v2\/posts"}],"about":[{"href":"https:\/\/www.brundisium.net\/index.php\/wp-json\/wp\/v2\/types\/post"}],"author":[{"embeddable":true,"href":"https:\/\/www.brundisium.net\/index.php\/wp-json\/wp\/v2\/users\/2"}],"replies":[{"embeddable":true,"href":"https:\/\/www.brundisium.net\/index.php\/wp-json\/wp\/v2\/comments?post=254901"}],"version-history":[{"count":1,"href":"https:\/\/www.brundisium.net\/index.php\/wp-json\/wp\/v2\/posts\/254901\/revisions"}],"predecessor-version":[{"id":254903,"href":"https:\/\/www.brundisium.net\/index.php\/wp-json\/wp\/v2\/posts\/254901\/revisions\/254903"}],"wp:featuredmedia":[{"embeddable":true,"href":"https:\/\/www.brundisium.net\/index.php\/wp-json\/wp\/v2\/media\/254902"}],"wp:attachment":[{"href":"https:\/\/www.brundisium.net\/index.php\/wp-json\/wp\/v2\/media?parent=254901"}],"wp:term":[{"taxonomy":"category","embeddable":true,"href":"https:\/\/www.brundisium.net\/index.php\/wp-json\/wp\/v2\/categories?post=254901"},{"taxonomy":"post_tag","embeddable":true,"href":"https:\/\/www.brundisium.net\/index.php\/wp-json\/wp\/v2\/tags?post=254901"}],"curies":[{"name":"wp","href":"https:\/\/api.w.org\/{rel}","templated":true}]}}