{"id":255258,"date":"2025-12-26T12:58:13","date_gmt":"2025-12-26T11:58:13","guid":{"rendered":"https:\/\/www.brundisium.net\/?p=255258"},"modified":"2025-12-26T13:01:52","modified_gmt":"2025-12-26T12:01:52","slug":"incendio-alla-passerella-di-punta-del-serrone-la-condanna-del-partito-democratico-di-brindisi","status":"publish","type":"post","link":"https:\/\/www.brundisium.net\/index.php\/incendio-alla-passerella-di-punta-del-serrone-la-condanna-del-partito-democratico-di-brindisi\/","title":{"rendered":"Incendio alla passerella di Punta del Serrone: la condanna del Partito Democratico di Brindisi"},"content":{"rendered":"<p>Nella serata di Natale un incendio ha devastato un tratto della passerella del Parco di Punta Penne\u2013Punta del Serrone, uno dei luoghi pi\u00f9 preziosi del patrimonio naturale della citt\u00e0. Il gesto ha provocato danni materiali e simbolici significativi, suscitando forte preoccupazione nella comunit\u00e0.<\/p>\n<p>&#8220;<em>Il Partito Democratico di Brindisi esprime profonda preoccupazione e una ferma condanna per l\u2019incendio che nella serata di Natale ha devastato un tratto della passerella del Parco di Punta Penne\u2013Punta del Serrone, uno dei luoghi pi\u00f9 preziosi del patrimonio ambientale cittadino.<\/em><br \/>\n<em>In attesa che le autorit\u00e0 competenti chiariscano le cause dell\u2019accaduto, riteniamo doveroso non minimizzare la portata di quanto avvenuto. Anche nell\u2019ipotesi, tutta da verificare, che si sia trattato di una grave disattenzione o di un comportamento irresponsabile, il danno prodotto resta enorme e inaccettabile.<\/em><br \/>\n<em>Parliamo di un\u2019area di straordinario valore naturalistico, gi\u00e0 in passato colpita da episodi di vandalismo e saccheggi, e oggi nuovamente ferita. Un colpo inferto all\u2019ambiente, alla fruizione pubblica del parco, al senso stesso di bene comune che dovrebbe unire la comunit\u00e0 brindisina.<\/em><br \/>\n<em>Per questo chiediamo che venga fatta piena luce sull\u2019accaduto e che, qualora emergano responsabilit\u00e0 precise, si proceda senza esitazioni. Allo stesso tempo riteniamo indispensabile rafforzare le misure di tutela e vigilanza, a partire dall\u2019estensione dei sistemi di videosorveglianza anche ai beni ambientali pi\u00f9 esposti.<\/em><br \/>\n<em>La difesa del Parco di Punta Penne\u2013Punta del Serrone riguarda tutti, istituzioni, forze politiche, cittadini. Come Partito Democratico continueremo a batterci perch\u00e9 la salvaguardia del nostro patrimonio naturale diventi una priorit\u00e0 concreta e permanente, non un tema che desta attenzione soltanto per qualche ora dopo l\u2019ennesimo scempio&#8221;.<\/em><\/p>\n<p>&nbsp;<\/p>\n<p>In precedenza, su Facebook, l\u2019ex assessore ai parchi e attuale componente della segreteria provinciale e cittadina del PD, Oreste Pinto, ha commentato le immagini del danno documentate da Filippo Capriglia.<br \/>\n<em>\u201cLe immagini parlano da sole <\/em>\u2013 afferma Pinto \u2013<em> raccontano un danno grave, materiale e simbolico, e suscitano rabbia e impotenza. Il sospetto di un gesto volontario \u00e8 pi\u00f9 che fondato, anche alla luce di quanto accaduto pochi mesi fa, quando la stessa area fu saccheggiata con modalit\u00e0 organizzate. Chi compie questi atti dimostra di non avere a cuore Brindisi e di non riconoscere il valore del nostro patrimonio naturale\u201d.<\/em><br \/>\nPinto invita istituzioni e cittadini a collaborare per individuare i responsabili e a rafforzare la tutela dei luoghi pubblici: <em>\u201cQuella passerella bruciata \u00e8 un colpo alla comunit\u00e0 intera. A tutti noi.<br \/>\nEd \u00e8 un fatto che chiama a una reazione collettiva, senza ambiguit\u00e0. Le istituzioni e le forze dell&#8217;ordine facciano fino in fondo il loro dovere, a partire dalle denunce e da ogni azione possibile ed ogni strumento disponibile per individuare i responsabili.<br \/>\nI cittadini collaborino, segnalino, non girino lo sguardo altrove.<br \/>\nChi ha competenze tecniche, amministrative, politiche o civiche le metta in campo.<br \/>\nLa tutela di luoghi come Punta Penne\u2013Punta del Serrone non \u00e8 una bandiera da sventolare quando abbiamo bisogno di riempirci la bocca con parole come senso di appartenenza e identit\u00e0.<br \/>\n\u00c8 una responsabilit\u00e0 quotidiana. Concreta. E riguarda tutti&#8221;.<\/em><\/p>\n","protected":false},"excerpt":{"rendered":"<p>Nella serata di Natale un incendio ha devastato un tratto della passerella del Parco di Punta Penne\u2013Punta del Serrone, uno dei luoghi pi\u00f9 preziosi del patrimonio naturale della citt\u00e0. Il gesto ha provocato danni materiali e simbolici significativi, suscitando forte preoccupazione nella comunit\u00e0. &#8220;Il Partito Democratico di Brindisi esprime profonda preoccupazione e una ferma condanna per l\u2019incendio che nella serata di Natale ha devastato un tratto della passerella del Parco di Punta Penne\u2013Punta del Serrone, uno dei luoghi pi\u00f9 preziosi del patrimonio ambientale cittadino. In attesa che le autorit\u00e0 competenti chiariscano le cause dell\u2019accaduto, riteniamo doveroso non minimizzare la portata di quanto avvenuto. Anche nell\u2019ipotesi, tutta da verificare, che si sia trattato di una grave disattenzione o di un comportamento irresponsabile, il danno prodotto resta enorme e inaccettabile. Parliamo di un\u2019area di straordinario valore naturalistico, gi\u00e0 in passato colpita da episodi di vandalismo e saccheggi, e oggi nuovamente ferita. Un colpo inferto all\u2019ambiente, alla fruizione pubblica del parco, al senso stesso di bene comune che dovrebbe unire la comunit\u00e0 brindisina&#8230;.<\/p>\n","protected":false},"author":2,"featured_media":255261,"comment_status":"closed","ping_status":"closed","sticky":false,"template":"","format":"standard","meta":{"footnotes":""},"categories":[7],"tags":[],"class_list":["post-255258","post","type-post","status-publish","format-standard","has-post-thumbnail","hentry","category-news"],"_links":{"self":[{"href":"https:\/\/www.brundisium.net\/index.php\/wp-json\/wp\/v2\/posts\/255258","targetHints":{"allow":["GET"]}}],"collection":[{"href":"https:\/\/www.brundisium.net\/index.php\/wp-json\/wp\/v2\/posts"}],"about":[{"href":"https:\/\/www.brundisium.net\/index.php\/wp-json\/wp\/v2\/types\/post"}],"author":[{"embeddable":true,"href":"https:\/\/www.brundisium.net\/index.php\/wp-json\/wp\/v2\/users\/2"}],"replies":[{"embeddable":true,"href":"https:\/\/www.brundisium.net\/index.php\/wp-json\/wp\/v2\/comments?post=255258"}],"version-history":[{"count":4,"href":"https:\/\/www.brundisium.net\/index.php\/wp-json\/wp\/v2\/posts\/255258\/revisions"}],"predecessor-version":[{"id":255265,"href":"https:\/\/www.brundisium.net\/index.php\/wp-json\/wp\/v2\/posts\/255258\/revisions\/255265"}],"wp:featuredmedia":[{"embeddable":true,"href":"https:\/\/www.brundisium.net\/index.php\/wp-json\/wp\/v2\/media\/255261"}],"wp:attachment":[{"href":"https:\/\/www.brundisium.net\/index.php\/wp-json\/wp\/v2\/media?parent=255258"}],"wp:term":[{"taxonomy":"category","embeddable":true,"href":"https:\/\/www.brundisium.net\/index.php\/wp-json\/wp\/v2\/categories?post=255258"},{"taxonomy":"post_tag","embeddable":true,"href":"https:\/\/www.brundisium.net\/index.php\/wp-json\/wp\/v2\/tags?post=255258"}],"curies":[{"name":"wp","href":"https:\/\/api.w.org\/{rel}","templated":true}]}}