{"id":255381,"date":"2025-12-30T16:03:14","date_gmt":"2025-12-30T15:03:14","guid":{"rendered":"https:\/\/www.brundisium.net\/?p=255381"},"modified":"2025-12-30T16:03:14","modified_gmt":"2025-12-30T15:03:14","slug":"caliolo-uil-lo-stop-al-carbone-non-sia-uno-stop-al-futuro-di-brindisi","status":"publish","type":"post","link":"https:\/\/www.brundisium.net\/index.php\/caliolo-uil-lo-stop-al-carbone-non-sia-uno-stop-al-futuro-di-brindisi\/","title":{"rendered":"Caliolo (Uil): &#8220;lo stop al carbone non sia uno stop al futuro di Brindisi&#8221;"},"content":{"rendered":"<p>Il Ministero dell\u2019Ambiente ha partorito il compitino: l\u2019Informativa presentata al Consiglio dei Ministri lo scorso 29 dicembre 2025 sulle Centrali a Carbone \u00e8 una mera cronistoria di quanto avvenuto negli ultimi anni circa le prospettive del sito produttivo brindisino. Nulla di pi\u00f9, nessuna direzione, nessuna nuova posizione che tracci una strada per i lavoratori da anni nel baratro dell\u2019incertezza. Come se non fosse compito di un Governo Nazionale tracciare un percorso a lungo termine o assumere una decisone una volta per tutte, specie quando si \u00e8 a 24 ore da una scadenza non di poco conto.<br \/>\nDalla stessa Informativa emerge che Enel, dal canto suo, continua con l\u2019atteggiamento inaccettabile verso Brindisi che abbiamo conosciuto negli ultimi tempi: l\u2019Azienda non \u00e8 disposta ad arretrare di un millimetro dalle sue valutazioni solo ed esclusivamente di sostenibilit\u00e0 economica: se le attivit\u00e0 operative della Centrale o il suo mantenimento a freddo portano a perdite allora la Centrale si smantella subito con buona pace dei lavoratori o delle necessit\u00e0 Strategiche Nazionali. Ci pensasse il Governo con i soldi pubblici.<br \/>\nIl Governo passa la palla all\u2019Unione Europea, cercando scappatoie burocratiche non gi\u00e0 per tracciare un futuro a lungo termine ma con l\u2019obiettivo minimo di rinviare l\u2019inevitabile.<br \/>\nIn tutto questo, come sempre, i lavoratori rischiano di restare col cerino in mano: senza prospettive chiare, senza mansioni specifiche e se si va avanti di questo passo in un futuro prossimo anche senza lavoro. Una condizione inaccettabile per la quale abbiamo utilizzato ogni forma di condanna e continueremo a farlo.<br \/>\nSe nessun altro soggetto si assume la responsabilit\u00e0 di tracciare una rotta, continuer\u00e0 a farlo il Sindacato. Le nostre priorit\u00e0 sono chiare.<br \/>\nEnel deve impegnarsi in modo pi\u00f9 evidente e vincolante sugli investimenti futuri di riconversione ed occupazione, i famosi Cinquanta progetti per Cerano. Ci\u00f2 lo deve moralmente al territorio di Brindisi per anni utilizzato a proprio piacimento.<br \/>\nLo Stato Italiano, nelle sue varie articolazioni ed Istituzioni, deve essere garante attivo della Transizione superando la posizione di mero notaio dei fatti come nella Informativa di questi giorni. Come sono andate le cose ci \u00e8 noto: vogliamo sapere come andr\u00e0 il futuro e cosa si immagina per Brindisi, il suo territorio ed i suoi lavoratori nei prossimi cinquant\u2019anni. La politica \u00e8 arte del governo e delle soluzioni, non del passare le carte e registrare gli eventi.<br \/>\nLe Parti Sociali, fra i quali il Sindacato, devono avere un ruolo da protagonista nel tracciare il futuro. Non \u00e8 una questione di potere ma di rappresentanza sociale: \u00e8 il Sindacato a conoscere le istanze e le preoccupazioni dei lavoratori, quella \u00abbase\u00bb senza la quale non vi \u00e8 \u00abaltezza\u00bb da poter raggiungere.<br \/>\nBrindisi non sar\u00e0 ancora una terra di sacrificio come negli ultimi decenni e la Transizione non sar\u00e0 l\u2019ennesima scelta calata dall\u2019alto di cui rimangono al territorio solo briciole e miseria. Brindisi deve essere protagonista del suo futuro ed in questa storia Istituzioni tutte ed Azienda Enel devono essere attori principali non pi\u00f9 mere comparse. Il Sindacato continuer\u00e0 a farlo a difesa del Lavoro e dei lavoratori.<\/p>\n<p><strong>Fabrizio Caliolo<br \/>\nCoordinatore Provinciale UIL Brindisi<\/strong><em><\/p>\n","protected":false},"excerpt":{"rendered":"<p>Il Ministero dell\u2019Ambiente ha partorito il compitino: l\u2019Informativa presentata al Consiglio dei Ministri lo scorso 29 dicembre 2025 sulle Centrali a Carbone \u00e8 una mera cronistoria di quanto avvenuto negli ultimi anni circa le prospettive del sito produttivo brindisino. Nulla di pi\u00f9, nessuna direzione, nessuna nuova posizione che tracci una strada per i lavoratori da anni nel baratro dell\u2019incertezza. Come se non fosse compito di un Governo Nazionale tracciare un percorso a lungo termine o assumere una decisone una volta per tutte, specie quando si \u00e8 a 24 ore da una scadenza non di poco conto. Dalla stessa Informativa emerge che Enel, dal canto suo, continua con l\u2019atteggiamento inaccettabile verso Brindisi che abbiamo conosciuto negli ultimi tempi: l\u2019Azienda non \u00e8 disposta ad arretrare di un millimetro dalle sue valutazioni solo ed esclusivamente di sostenibilit\u00e0 economica: se le attivit\u00e0 operative della Centrale o il suo mantenimento a freddo portano a perdite allora la Centrale si smantella subito con buona pace dei lavoratori o delle necessit\u00e0 Strategiche Nazionali. Ci pensasse il Governo&#8230;<\/p>\n","protected":false},"author":2,"featured_media":108376,"comment_status":"closed","ping_status":"closed","sticky":false,"template":"","format":"standard","meta":{"footnotes":""},"categories":[7],"tags":[],"class_list":["post-255381","post","type-post","status-publish","format-standard","has-post-thumbnail","hentry","category-news"],"_links":{"self":[{"href":"https:\/\/www.brundisium.net\/index.php\/wp-json\/wp\/v2\/posts\/255381","targetHints":{"allow":["GET"]}}],"collection":[{"href":"https:\/\/www.brundisium.net\/index.php\/wp-json\/wp\/v2\/posts"}],"about":[{"href":"https:\/\/www.brundisium.net\/index.php\/wp-json\/wp\/v2\/types\/post"}],"author":[{"embeddable":true,"href":"https:\/\/www.brundisium.net\/index.php\/wp-json\/wp\/v2\/users\/2"}],"replies":[{"embeddable":true,"href":"https:\/\/www.brundisium.net\/index.php\/wp-json\/wp\/v2\/comments?post=255381"}],"version-history":[{"count":1,"href":"https:\/\/www.brundisium.net\/index.php\/wp-json\/wp\/v2\/posts\/255381\/revisions"}],"predecessor-version":[{"id":255384,"href":"https:\/\/www.brundisium.net\/index.php\/wp-json\/wp\/v2\/posts\/255381\/revisions\/255384"}],"wp:featuredmedia":[{"embeddable":true,"href":"https:\/\/www.brundisium.net\/index.php\/wp-json\/wp\/v2\/media\/108376"}],"wp:attachment":[{"href":"https:\/\/www.brundisium.net\/index.php\/wp-json\/wp\/v2\/media?parent=255381"}],"wp:term":[{"taxonomy":"category","embeddable":true,"href":"https:\/\/www.brundisium.net\/index.php\/wp-json\/wp\/v2\/categories?post=255381"},{"taxonomy":"post_tag","embeddable":true,"href":"https:\/\/www.brundisium.net\/index.php\/wp-json\/wp\/v2\/tags?post=255381"}],"curies":[{"name":"wp","href":"https:\/\/api.w.org\/{rel}","templated":true}]}}