{"id":255416,"date":"2025-12-31T11:18:35","date_gmt":"2025-12-31T10:18:35","guid":{"rendered":"https:\/\/www.brundisium.net\/?p=255416"},"modified":"2025-12-31T11:18:35","modified_gmt":"2025-12-31T10:18:35","slug":"centrale-di-cerano-spinzi-cisl-il-governo-risponda-prima-possibile","status":"publish","type":"post","link":"https:\/\/www.brundisium.net\/index.php\/centrale-di-cerano-spinzi-cisl-il-governo-risponda-prima-possibile\/","title":{"rendered":"Centrale di Cerano, Spinzi (Cisl): &#8220;il Governo risponda prima possibile&#8221;"},"content":{"rendered":"<p>Il percorso di dialogo e di responsabilit\u00e0 intrapreso dalle organizzazioni sindacali, sollecitando prima e aderendo poi al progetto di reindustrializzazione del territorio di Brindisi, in un contesto di transizione energetica del Paese, stride oggi con le nebulosit\u00e0 sul futuro della Centrale Enel di Cerano, stanti l\u2019imminente scadenza del 31 dicembre e le recenti comunicazioni del Ministro Pichetto Fratin; tutto questo richiama la diretta responsabilit\u00e0 del Governo che auspichiamo possa fornire risposte nel pi\u00f9 breve tempo possibile.<\/p>\n<p>La Cisl chiede chiarezza definitiva sui processi di gestione della transizione industriale post carbone a Brindisi e garanzie certe sulla salvaguardia di tutti i posti di lavoro diretti e indiretti, attualmente collegati alla stessa Centrale, oltrech\u00e9 sul rafforzamento del tessuto imprenditoriale territoriale.<\/p>\n<p>E ci\u00f2 a partire dalla stipula di un Accordo di programma, che comprenda anche le forze sociali e renda esigibile ogni nuova iniziativa industriale, a partire da quelle gi\u00e0 presentate, assicurando misure di sostenibilit\u00e0 ambientale, stabilendo tempi, modalit\u00e0, risorse finanziarie e piani mirati di riqualificazione professionale.<\/p>\n<p>Riconosciamo alla politica ed alle istituzioni territoriali l\u2019impegno profuso, a tutti i livelli, di tenere alta l\u2019attenzione su tali questioni, la cui complessit\u00e0 \u00e8 evidente in quanto correlata anche a processi europei e internazionali caratterizzati da forti elementi di incertezza che, tuttavia, non escludono l\u2019impegno di sedersi ai tavoli per ricercare responsabilmente soluzioni che salvaguardino la coesione sociale.<\/p>\n<p>Per quanto riguarda l\u2019Enel, siamo certi che dar\u00e0 seguito al suo rapporto di condivisione delle istanze poste dal territorio e coerenza a quanto da essa ufficialmente dichiarato, sia ai tavoli ministeriali che nel recente incontro in Prefettura, ovvero l\u2019impegno di messa in sicurezza definitiva degli impianti e il prosieguo dell\u2019attivit\u00e0 per i lavoratori diretti e dell\u2019appalto fino al 2028.<\/p>\n<p>&nbsp;<\/p>\n<p><em><strong>Luigi Spinzi \u2013 Segretario Generale Cisl Taranto Brindisi<\/strong><\/em><\/p>\n","protected":false},"excerpt":{"rendered":"<p>Il percorso di dialogo e di responsabilit\u00e0 intrapreso dalle organizzazioni sindacali, sollecitando prima e aderendo poi al progetto di reindustrializzazione del territorio di Brindisi, in un contesto di transizione energetica del Paese, stride oggi con le nebulosit\u00e0 sul futuro della Centrale Enel di Cerano, stanti l\u2019imminente scadenza del 31 dicembre e le recenti comunicazioni del Ministro Pichetto Fratin; tutto questo richiama la diretta responsabilit\u00e0 del Governo che auspichiamo possa fornire risposte nel pi\u00f9 breve tempo possibile. La Cisl chiede chiarezza definitiva sui processi di gestione della transizione industriale post carbone a Brindisi e garanzie certe sulla salvaguardia di tutti i posti di lavoro diretti e indiretti, attualmente collegati alla stessa Centrale, oltrech\u00e9 sul rafforzamento del tessuto imprenditoriale territoriale. E ci\u00f2 a partire dalla stipula di un Accordo di programma, che comprenda anche le forze sociali e renda esigibile ogni nuova iniziativa industriale, a partire da quelle gi\u00e0 presentate, assicurando misure di sostenibilit\u00e0 ambientale, stabilendo tempi, modalit\u00e0, risorse finanziarie e piani mirati di riqualificazione professionale. Riconosciamo alla politica ed alle istituzioni&#8230;<\/p>\n","protected":false},"author":2,"featured_media":213872,"comment_status":"closed","ping_status":"closed","sticky":false,"template":"","format":"standard","meta":{"footnotes":""},"categories":[7],"tags":[],"class_list":["post-255416","post","type-post","status-publish","format-standard","has-post-thumbnail","hentry","category-news"],"_links":{"self":[{"href":"https:\/\/www.brundisium.net\/index.php\/wp-json\/wp\/v2\/posts\/255416","targetHints":{"allow":["GET"]}}],"collection":[{"href":"https:\/\/www.brundisium.net\/index.php\/wp-json\/wp\/v2\/posts"}],"about":[{"href":"https:\/\/www.brundisium.net\/index.php\/wp-json\/wp\/v2\/types\/post"}],"author":[{"embeddable":true,"href":"https:\/\/www.brundisium.net\/index.php\/wp-json\/wp\/v2\/users\/2"}],"replies":[{"embeddable":true,"href":"https:\/\/www.brundisium.net\/index.php\/wp-json\/wp\/v2\/comments?post=255416"}],"version-history":[{"count":1,"href":"https:\/\/www.brundisium.net\/index.php\/wp-json\/wp\/v2\/posts\/255416\/revisions"}],"predecessor-version":[{"id":255417,"href":"https:\/\/www.brundisium.net\/index.php\/wp-json\/wp\/v2\/posts\/255416\/revisions\/255417"}],"wp:featuredmedia":[{"embeddable":true,"href":"https:\/\/www.brundisium.net\/index.php\/wp-json\/wp\/v2\/media\/213872"}],"wp:attachment":[{"href":"https:\/\/www.brundisium.net\/index.php\/wp-json\/wp\/v2\/media?parent=255416"}],"wp:term":[{"taxonomy":"category","embeddable":true,"href":"https:\/\/www.brundisium.net\/index.php\/wp-json\/wp\/v2\/categories?post=255416"},{"taxonomy":"post_tag","embeddable":true,"href":"https:\/\/www.brundisium.net\/index.php\/wp-json\/wp\/v2\/tags?post=255416"}],"curies":[{"name":"wp","href":"https:\/\/api.w.org\/{rel}","templated":true}]}}