{"id":255987,"date":"2026-01-15T20:05:55","date_gmt":"2026-01-15T19:05:55","guid":{"rendered":"https:\/\/www.brundisium.net\/?p=255987"},"modified":"2026-01-15T20:05:55","modified_gmt":"2026-01-15T19:05:55","slug":"rifiuti-luperti-la-regione-finanzi-gli-impianti-del-ciclo-dei-rifiuti-altrimenti-lasci-campo-libero-ai-privati","status":"publish","type":"post","link":"https:\/\/www.brundisium.net\/index.php\/rifiuti-luperti-la-regione-finanzi-gli-impianti-del-ciclo-dei-rifiuti-altrimenti-lasci-campo-libero-ai-privati\/","title":{"rendered":"Rifiuti, Luperti: \u201cLa Regione finanzi gli impianti del ciclo dei rifiuti, altrimenti lasci campo libero ai privati&#8221;"},"content":{"rendered":"<p>In qualit\u00e0 di consigliere provinciale con delega all\u2019ambiente, ho scritto al Presidente della Regione Puglia Antonio Decaro e, per conoscenza, al Sindaco di Brindisi Giuseppe Marchionna per riportare l\u2019attenzione generale sul gravissimo problema della mancata realizzazione degli impianti per il ciclo dei rifiuti in provincia di Brindisi. I progetti sono pronti da anni e pi\u00f9 volte la Regione, anche attraverso la propria agenzia sui rifiuti e la task force sul lavoro, ha garantito che ormai si era in dirittura di arrivo. E invece niente! I brindisini continuano a pagare la Tari tra le pi\u00f9 alte d\u2019Italia perch\u00e9 i comuni sono costretti a rivolgersi altrove per smaltire i rifiuti. A ci\u00f2 si aggiunge che in quegli impianti, una volta realizzati, avrebbero dovuto lavorare coloro che appartengono alla platea storica di chi ha operato in impianti simili che poi sono stati chiusi.<\/p>\n<p>Brindisi, insomma, non pu\u00f2 pi\u00f9 attendere e quindi ognuno dovr\u00e0 assumersi le proprie responsabilit\u00e0. E se non ci sono le condizioni per farlo, allora la Regione lasci campo libero ai privati. Su questa vicenda, a questo punto, ognuno dovr\u00e0 assumersi le proprie responsabilit\u00e0 perch\u00e9 i brindisini hanno diritto a non essere trattati come pugliesi di serie B\u201d.<\/p>\n<p>Lino Luperti \u2013 consigliere provinciale con delega all\u2019Ambiente e consigliere comunale di Brindisi<\/p>\n","protected":false},"excerpt":{"rendered":"<p>In qualit\u00e0 di consigliere provinciale con delega all\u2019ambiente, ho scritto al Presidente della Regione Puglia Antonio Decaro e, per conoscenza, al Sindaco di Brindisi Giuseppe Marchionna per riportare l\u2019attenzione generale sul gravissimo problema della mancata realizzazione degli impianti per il ciclo dei rifiuti in provincia di Brindisi. I progetti sono pronti da anni e pi\u00f9 volte la Regione, anche attraverso la propria agenzia sui rifiuti e la task force sul lavoro, ha garantito che ormai si era in dirittura di arrivo. E invece niente! I brindisini continuano a pagare la Tari tra le pi\u00f9 alte d\u2019Italia perch\u00e9 i comuni sono costretti a rivolgersi altrove per smaltire i rifiuti. A ci\u00f2 si aggiunge che in quegli impianti, una volta realizzati, avrebbero dovuto lavorare coloro che appartengono alla platea storica di chi ha operato in impianti simili che poi sono stati chiusi. Brindisi, insomma, non pu\u00f2 pi\u00f9 attendere e quindi ognuno dovr\u00e0 assumersi le proprie responsabilit\u00e0. E se non ci sono le condizioni per farlo, allora la Regione lasci campo libero ai&#8230;<\/p>\n","protected":false},"author":2,"featured_media":207583,"comment_status":"closed","ping_status":"closed","sticky":false,"template":"","format":"standard","meta":{"footnotes":""},"categories":[7],"tags":[],"class_list":["post-255987","post","type-post","status-publish","format-standard","has-post-thumbnail","hentry","category-news"],"_links":{"self":[{"href":"https:\/\/www.brundisium.net\/index.php\/wp-json\/wp\/v2\/posts\/255987","targetHints":{"allow":["GET"]}}],"collection":[{"href":"https:\/\/www.brundisium.net\/index.php\/wp-json\/wp\/v2\/posts"}],"about":[{"href":"https:\/\/www.brundisium.net\/index.php\/wp-json\/wp\/v2\/types\/post"}],"author":[{"embeddable":true,"href":"https:\/\/www.brundisium.net\/index.php\/wp-json\/wp\/v2\/users\/2"}],"replies":[{"embeddable":true,"href":"https:\/\/www.brundisium.net\/index.php\/wp-json\/wp\/v2\/comments?post=255987"}],"version-history":[{"count":1,"href":"https:\/\/www.brundisium.net\/index.php\/wp-json\/wp\/v2\/posts\/255987\/revisions"}],"predecessor-version":[{"id":255989,"href":"https:\/\/www.brundisium.net\/index.php\/wp-json\/wp\/v2\/posts\/255987\/revisions\/255989"}],"wp:featuredmedia":[{"embeddable":true,"href":"https:\/\/www.brundisium.net\/index.php\/wp-json\/wp\/v2\/media\/207583"}],"wp:attachment":[{"href":"https:\/\/www.brundisium.net\/index.php\/wp-json\/wp\/v2\/media?parent=255987"}],"wp:term":[{"taxonomy":"category","embeddable":true,"href":"https:\/\/www.brundisium.net\/index.php\/wp-json\/wp\/v2\/categories?post=255987"},{"taxonomy":"post_tag","embeddable":true,"href":"https:\/\/www.brundisium.net\/index.php\/wp-json\/wp\/v2\/tags?post=255987"}],"curies":[{"name":"wp","href":"https:\/\/api.w.org\/{rel}","templated":true}]}}