{"id":255993,"date":"2026-01-15T20:13:09","date_gmt":"2026-01-15T19:13:09","guid":{"rendered":"https:\/\/www.brundisium.net\/?p=255993"},"modified":"2026-01-15T20:16:23","modified_gmt":"2026-01-15T19:16:23","slug":"a-mesagne-la-conferenza-programmatica-di-avis-provinciale-brindisi","status":"publish","type":"post","link":"https:\/\/www.brundisium.net\/index.php\/a-mesagne-la-conferenza-programmatica-di-avis-provinciale-brindisi\/","title":{"rendered":"A Mesagne la Conferenza Programmatica di Avis Provinciale Brindisi"},"content":{"rendered":"<p>Si svolger\u00e0 il prossimo 17 gennaio 2026 la Conferenza Programmatica di Avis Provinciale Brindisi in collaborazione con la Comunale di Mesagne. <\/p>\n<p>\u00c8 un momento in cui stabilire obiettivi strategici e linee di intervento per i prossimi mesi, ha dichiarato il Presidente Provinciale Sergio Zezza.<\/p>\n<p> Tra i temi trattati la donazione di plasma con l&#8217;intervento del Dott. Vincenzo De Angelis, gi\u00e0 direttore del Centro Nazionale sangue, i giovani e il volontariato che vedr\u00e0 la relazione di Don Mario Zaninelli, docente scienze motorie Universit\u00e0 di Milano e la Comunicazione che sar\u00e0 trattata da Tiziano Mele, mental coach e collaboratore del CSV. Saranno presenti il Presidente Regionale Raffaele Romeo e il Vice Presidente Vicario di Avis Nazionale Luigi Bruno e diversi rappresentanti Istituzionali ed associativi, tra cui la Presidente della Comunale di Mesagne Giada Vetrugno<\/p>\n","protected":false},"excerpt":{"rendered":"<p>Si svolger\u00e0 il prossimo 17 gennaio 2026 la Conferenza Programmatica di Avis Provinciale Brindisi in collaborazione con la Comunale di Mesagne. \u00c8 un momento in cui stabilire obiettivi strategici e linee di intervento per i prossimi mesi, ha dichiarato il Presidente Provinciale Sergio Zezza. Tra i temi trattati la donazione di plasma con l&#8217;intervento del Dott. Vincenzo De Angelis, gi\u00e0 direttore del Centro Nazionale sangue, i giovani e il volontariato che vedr\u00e0 la relazione di Don Mario Zaninelli, docente scienze motorie Universit\u00e0 di Milano e la Comunicazione che sar\u00e0 trattata da Tiziano Mele, mental coach e collaboratore del CSV. Saranno presenti il Presidente Regionale Raffaele Romeo e il Vice Presidente Vicario di Avis Nazionale Luigi Bruno e diversi rappresentanti Istituzionali ed associativi, tra cui la Presidente della Comunale di Mesagne Giada Vetrugno<\/p>\n","protected":false},"author":2,"featured_media":255994,"comment_status":"closed","ping_status":"closed","sticky":false,"template":"","format":"standard","meta":{"footnotes":""},"categories":[7],"tags":[],"class_list":["post-255993","post","type-post","status-publish","format-standard","has-post-thumbnail","hentry","category-news"],"_links":{"self":[{"href":"https:\/\/www.brundisium.net\/index.php\/wp-json\/wp\/v2\/posts\/255993","targetHints":{"allow":["GET"]}}],"collection":[{"href":"https:\/\/www.brundisium.net\/index.php\/wp-json\/wp\/v2\/posts"}],"about":[{"href":"https:\/\/www.brundisium.net\/index.php\/wp-json\/wp\/v2\/types\/post"}],"author":[{"embeddable":true,"href":"https:\/\/www.brundisium.net\/index.php\/wp-json\/wp\/v2\/users\/2"}],"replies":[{"embeddable":true,"href":"https:\/\/www.brundisium.net\/index.php\/wp-json\/wp\/v2\/comments?post=255993"}],"version-history":[{"count":2,"href":"https:\/\/www.brundisium.net\/index.php\/wp-json\/wp\/v2\/posts\/255993\/revisions"}],"predecessor-version":[{"id":255996,"href":"https:\/\/www.brundisium.net\/index.php\/wp-json\/wp\/v2\/posts\/255993\/revisions\/255996"}],"wp:featuredmedia":[{"embeddable":true,"href":"https:\/\/www.brundisium.net\/index.php\/wp-json\/wp\/v2\/media\/255994"}],"wp:attachment":[{"href":"https:\/\/www.brundisium.net\/index.php\/wp-json\/wp\/v2\/media?parent=255993"}],"wp:term":[{"taxonomy":"category","embeddable":true,"href":"https:\/\/www.brundisium.net\/index.php\/wp-json\/wp\/v2\/categories?post=255993"},{"taxonomy":"post_tag","embeddable":true,"href":"https:\/\/www.brundisium.net\/index.php\/wp-json\/wp\/v2\/tags?post=255993"}],"curies":[{"name":"wp","href":"https:\/\/api.w.org\/{rel}","templated":true}]}}