{"id":256044,"date":"2026-01-16T13:51:06","date_gmt":"2026-01-16T12:51:06","guid":{"rendered":"https:\/\/www.brundisium.net\/?p=256044"},"modified":"2026-01-28T11:59:40","modified_gmt":"2026-01-28T10:59:40","slug":"ostuni-candidata-a-capitale-italiana-della-cultura-2029-avviato-il-percorso-con-il-supporto-di-un-team-di-esperti","status":"publish","type":"post","link":"https:\/\/www.brundisium.net\/index.php\/ostuni-candidata-a-capitale-italiana-della-cultura-2029-avviato-il-percorso-con-il-supporto-di-un-team-di-esperti\/","title":{"rendered":"Ostuni candidata a Capitale Italiana della Cultura 2029: avviato il percorso con il supporto di un team di esperti"},"content":{"rendered":"<p>Il Comune di Ostuni ha avviato ufficialmente il percorso di candidatura della citt\u00e0 a Capitale Italiana della Cultura 2029, dando seguito all\u2019indirizzo approvato dalla Giunta comunale e alle successive procedure amministrative per la selezione del supporto tecnico e scientifico incaricato della redazione del dossier di candidatura e del Piano Strategico della Cultura.<\/p>\n<p>&nbsp;<\/p>\n<p>A conclusione dell\u2019avviso pubblico promosso dal Settore Cultura, Sport e Turismo, l\u2019Amministrazione comunale ha individuato, tramite procedura comparativa, il team di professionisti che affiancher\u00e0 il Comune nelle diverse fasi del percorso, dalla costruzione del concept di candidatura al coinvolgimento del territorio, fino alla presentazione del dossier ufficiale.<\/p>\n<p>&nbsp;<\/p>\n<p>L\u2019assessore al Turismo e alla Cultura, Niki Maffei, ha commentato:\u2028\u201cSiamo molto soddisfatti perch\u00e9 Sacco \u00e8 una persona autorevole, che ha gi\u00e0 partecipato e vinto progetti di Capitale della Cultura. Ha inoltre redatto dossier importantissimi, portando sempre una visione capace di andare oltre l\u2019evento in s\u00e9. L\u2019obiettivo \u00e8 cercare di arrivare nella migliore posizione possibile. Abbiamo gi\u00e0 avuto un primo incontro con Sacco e siamo consapevoli che c\u2019\u00e8 molto lavoro da fare: bisogna costruire una rete tra gli operatori, sviluppare azioni e programmi condivisi e coinvolgere il pi\u00f9 possibile la comunit\u00e0. Il valore di un Piano Strategico che affianca il dossier sta proprio in questo: individuare non solo iniziative ed eventi, ma anche spazi, utilizzi e risultati concreti che restino alla citt\u00e0. In molti casi, dopo l\u2019anno della candidatura, non rimane nulla. Noi vogliamo che questo percorso lasci un\u2019eredit\u00e0 reale alla comunit\u00e0 e ai giovani per gli anni a venire\u201d.<\/p>\n<p>&nbsp;<\/p>\n<p>Il professionista individuato, Pierluigi Sacco, vanta una consolidata esperienza a livello nazionale e internazionale nei processi di pianificazione culturale, nelle politiche culturali e nelle candidature a Capitali della Cultura, con un approccio orientato allo sviluppo di lungo periodo e all\u2019impatto sociale dei progetti culturali.<\/p>\n<p>&nbsp;<\/p>\n<p>Il percorso di candidatura di Ostuni a Capitale Italiana della Cultura 2029 si fonda su una visione che mette al centro la comunit\u00e0, la partecipazione degli operatori culturali e creativi, e la costruzione di una strategia capace di produrre effetti duraturi sullo sviluppo culturale, sociale ed economico della citt\u00e0.<\/p>\n","protected":false},"excerpt":{"rendered":"<p>Il Comune di Ostuni ha avviato ufficialmente il percorso di candidatura della citt\u00e0 a Capitale Italiana della Cultura 2029, dando seguito all\u2019indirizzo approvato dalla Giunta comunale e alle successive procedure amministrative per la selezione del supporto tecnico e scientifico incaricato della redazione del dossier di candidatura e del Piano Strategico della Cultura. &nbsp; A conclusione dell\u2019avviso pubblico promosso dal Settore Cultura, Sport e Turismo, l\u2019Amministrazione comunale ha individuato, tramite procedura comparativa, il team di professionisti che affiancher\u00e0 il Comune nelle diverse fasi del percorso, dalla costruzione del concept di candidatura al coinvolgimento del territorio, fino alla presentazione del dossier ufficiale. &nbsp; L\u2019assessore al Turismo e alla Cultura, Niki Maffei, ha commentato:\u2028\u201cSiamo molto soddisfatti perch\u00e9 Sacco \u00e8 una persona autorevole, che ha gi\u00e0 partecipato e vinto progetti di Capitale della Cultura. Ha inoltre redatto dossier importantissimi, portando sempre una visione capace di andare oltre l\u2019evento in s\u00e9. L\u2019obiettivo \u00e8 cercare di arrivare nella migliore posizione possibile. Abbiamo gi\u00e0 avuto un primo incontro con Sacco e siamo consapevoli che c\u2019\u00e8 molto lavoro&#8230;<\/p>\n","protected":false},"author":2,"featured_media":254512,"comment_status":"closed","ping_status":"closed","sticky":false,"template":"","format":"standard","meta":{"footnotes":""},"categories":[7],"tags":[],"class_list":["post-256044","post","type-post","status-publish","format-standard","has-post-thumbnail","hentry","category-news"],"_links":{"self":[{"href":"https:\/\/www.brundisium.net\/index.php\/wp-json\/wp\/v2\/posts\/256044","targetHints":{"allow":["GET"]}}],"collection":[{"href":"https:\/\/www.brundisium.net\/index.php\/wp-json\/wp\/v2\/posts"}],"about":[{"href":"https:\/\/www.brundisium.net\/index.php\/wp-json\/wp\/v2\/types\/post"}],"author":[{"embeddable":true,"href":"https:\/\/www.brundisium.net\/index.php\/wp-json\/wp\/v2\/users\/2"}],"replies":[{"embeddable":true,"href":"https:\/\/www.brundisium.net\/index.php\/wp-json\/wp\/v2\/comments?post=256044"}],"version-history":[{"count":1,"href":"https:\/\/www.brundisium.net\/index.php\/wp-json\/wp\/v2\/posts\/256044\/revisions"}],"predecessor-version":[{"id":256045,"href":"https:\/\/www.brundisium.net\/index.php\/wp-json\/wp\/v2\/posts\/256044\/revisions\/256045"}],"wp:featuredmedia":[{"embeddable":true,"href":"https:\/\/www.brundisium.net\/index.php\/wp-json\/wp\/v2\/media\/254512"}],"wp:attachment":[{"href":"https:\/\/www.brundisium.net\/index.php\/wp-json\/wp\/v2\/media?parent=256044"}],"wp:term":[{"taxonomy":"category","embeddable":true,"href":"https:\/\/www.brundisium.net\/index.php\/wp-json\/wp\/v2\/categories?post=256044"},{"taxonomy":"post_tag","embeddable":true,"href":"https:\/\/www.brundisium.net\/index.php\/wp-json\/wp\/v2\/tags?post=256044"}],"curies":[{"name":"wp","href":"https:\/\/api.w.org\/{rel}","templated":true}]}}