{"id":256062,"date":"2026-01-16T17:36:02","date_gmt":"2026-01-16T16:36:02","guid":{"rendered":"https:\/\/www.brundisium.net\/?p=256062"},"modified":"2026-01-16T18:45:45","modified_gmt":"2026-01-16T17:45:45","slug":"decaro-nomina-la-sua-giunta-regionale","status":"publish","type":"post","link":"https:\/\/www.brundisium.net\/index.php\/decaro-nomina-la-sua-giunta-regionale\/","title":{"rendered":"Decaro nomina la sua Giunta Regionale. I nomi e le deleghe di tutti i nuovi assessori"},"content":{"rendered":"<p>A dieci giorni dalla proclamazione dei consiglieri, il governatore Antonio Decaro ha presentato la sua giunta. La squadra \u00e8 composta da quattro esponenti del Pd, tre rappresentanti delle liste civiche, un esponente del Movimento 5 Stelle, una vendoliana e un nome della societ\u00e0 civile scelto direttamente da Decaro tra i suoi fedelissimi: l\u2019ex vicesindaco di Bari, Eugenio Di Sciascio.<\/p>\n<p>Per il Partito democratico entrano in giunta gli uscenti Donato Pentassuglia, alla Salute, Raffaele Piemontese e Debora Ciliento, insieme all\u2019esordiente Francesco Paolicelli, stretto collaboratore di Decaro, cui va la delega all\u2019Agricoltura. Il Movimento 5 Stelle sceglie Casilli mentre la Lista Decaro entra l&#8217;ex assessore del Comune di Lecce Silvia Miglietta. La lista Per ha riconfermato l&#8217;uscente Leo.<\/p>\n<p>&nbsp;<\/p>\n<p>Questi gli assessori e le deleghe:<\/p>\n<p>ANTONIO DECARO (PRESIDENTE):<br \/>\nProgrammazione economico-finanziaria, Enti Locali, Comunicazione istituzionale, Contenzioso).<\/p>\n<p>CRISTIAN CASILLI (Welfare e allo Sport):<br \/>\nProgrammazione delle politiche sociali e sociosanitarie; Inclusione sociale e lotta alle povert\u00e0; Politiche per l\u2019accoglienza e l\u2019integrazione; Politiche per l\u2019infanzia, le famiglie e la genitorialit\u00e0; Politiche per le disabilit\u00e0 e la vita indipendente; Politiche per gli anziani e l\u2019invecchiamento attivo; Sport ed impiantistica sportiva; Economia civile; Promozione del Terzo Settore; Servizio Civile; Politiche giovanili.<\/p>\n<p>&nbsp;<\/p>\n<p>DEBORA CILIENTO (Ambiente e al Clima):<br \/>\nTutela ambientale; Politiche climatiche e adattamento ai cambiamenti climatici; Programmazione energetica e transizione ecologica; Ciclo dei rifiuti ed economia circolare; Tutela e valorizzazione delle aree protette; Educazione ambientale; Salvaguardia della biodiversit\u00e0; Gestione delle emergenze.<\/p>\n<p>&nbsp;<\/p>\n<p>EUGENIO DI SCIASCIO (Sviluppo Economico e al Lavoro):<br \/>\nSviluppo economico territoriale; Filiere produttive strategiche; Politiche industriali; Attrazione degli investimenti; Innovazione e trasferimento tecnologico; Politiche per l\u2019energia; Politiche per il sostegno alle micro, piccole e medie imprese; Economia di prossimit\u00e0, commercio e artigianato; Politiche attive per il lavoro; Formazione professionale.<\/p>\n<p>&nbsp;<\/p>\n<p>SEBASTIANO LEO (Bilancio e Personale):<br \/>\nBilancio e finanza regionale; Personale; Affari generali e appalti; Performance e valutazione; Digitalizzazione interna; Patrimonio; Provveditorato.<\/p>\n<p>&nbsp;<\/p>\n<p>MARINA LEUZZI (Urbanistica e Casa):<br \/>\nUrbanistica e pianificazione territoriale; Citt\u00e0 pubblica e spazi collettivi; Edilizia Residenziale Pubblica; Rigenerazione urbana e territoriale; Politiche per l\u2019accesso alla casa e l\u2019abitare; Aree interne; Politiche per il paesaggio; Politiche per il mare e la costa.<\/p>\n<p>&nbsp;<\/p>\n<p>SILVIA MIGLIETTA (Cultura e Conoscenza):<br \/>\nPolitiche culturali; Sostegno alle industrie culturali e creative; Patrimonio culturale materiale e immateriale; Biblioteche, teatri, archivi e luoghi della cultura; Politiche scolastiche; Diritto alla Studio; Residenze universitarie; Politiche per l\u2019Universit\u00e0 e la Ricerca; Educazione civica e affettiva; Accessibilit\u00e0 culturale e formazione dei pubblici; Pace; Politiche di genere; Diritti civili; Partecipazione; Legalit\u00e0 e Antimafia sociale.<\/p>\n<p>&nbsp;<\/p>\n<p>FRANCESCO PAOLICELLI (Agricoltura):<br \/>\nSviluppo rurale; Agricoltura e zootecnia; Filiere agro-alimentari; Agro-ecologia; Gestione dell\u2019acqua in agricoltura; Foreste e silvicoltura; Tutela del suolo agricolo; Biodiversit\u00e0 agricola; Sicurezza rurale; Promozione delle tipicit\u00e0 agro-alimentari; Politiche del Cibo.<\/p>\n<p>&nbsp;<\/p>\n<p>DONATO PENTASSUGLIA (Salute e Benessere):<br \/>\nProgrammazione sanitaria regionale; Sanit\u00e0 territoriale; Prevenzione; Stili di vita; Sanit\u00e0 digitale; Integrazione socio-sanitaria; Benessere animale<\/p>\n<p>&nbsp;<\/p>\n<p>RAFFAELE PIEMONTESE (Infrastrutture e Mobilit\u00e0):<br \/>\nPianificazione della mobilit\u00e0 regionale; Trasporto Pubblico Locale; Mobilit\u00e0 sostenibile; Intermodalit\u00e0 ed integrazione tariffaria; Infrastrutture per la mobilit\u00e0; Logistica e merci; Lavori pubblici; Risorse idriche e Autorit\u00e0 idraulica; Portualit\u00e0 e retroporti; Aeroporti; Sicurezza stradale; Mobilit\u00e0 scolastica e universitaria; Demanio.<\/p>\n<p>&nbsp;<\/p>\n<p>GRAZIAMARIA STARACE (Turismo e Promozione):<br \/>\nPolitiche per il turismo e la promozione; Sostegno all\u2019industria turistica; Destinazioni turistiche; Turismo sostenibile; Regolazione dei flussi; Turismo culturale e rurale; Turismo lento e cammini; Eventi strategici a valenza turistica; Cooperazione internazionale.<\/p>\n<p> Il presidente Decaro ha voluto precisare come la scelta del Consiglio regionale non sia stata casuale. Governo e Consiglio regionale costituiscono infatti , in termini di volont\u00e0 politica tutto quello che i pugliesi hanno scelto e la sede del Consiglio  rappresenta tutto questo. E\u2019 la casa dei pugliesi,  dell\u2019Assemblea politica e del Governo che li rappresenta. Decaro ha invitato tutti gli Assessori a lavorare 365 giorni l\u2019anno, indipendentemente   dai collegi elettorali o dalle province di appartenenza. Da oggi vale.<\/p>\n","protected":false},"excerpt":{"rendered":"<p>A dieci giorni dalla proclamazione dei consiglieri, il governatore Antonio Decaro ha presentato la sua giunta. La squadra \u00e8 composta da quattro esponenti del Pd, tre rappresentanti delle liste civiche, un esponente del Movimento 5 Stelle, una vendoliana e un nome della societ\u00e0 civile scelto direttamente da Decaro tra i suoi fedelissimi: l\u2019ex vicesindaco di Bari, Eugenio Di Sciascio. Per il Partito democratico entrano in giunta gli uscenti Donato Pentassuglia, alla Salute, Raffaele Piemontese e Debora Ciliento, insieme all\u2019esordiente Francesco Paolicelli, stretto collaboratore di Decaro, cui va la delega all\u2019Agricoltura. Il Movimento 5 Stelle sceglie Casilli mentre la Lista Decaro entra l&#8217;ex assessore del Comune di Lecce Silvia Miglietta. La lista Per ha riconfermato l&#8217;uscente Leo. &nbsp; Questi gli assessori e le deleghe: ANTONIO DECARO (PRESIDENTE): Programmazione economico-finanziaria, Enti Locali, Comunicazione istituzionale, Contenzioso). CRISTIAN CASILLI (Welfare e allo Sport): Programmazione delle politiche sociali e sociosanitarie; Inclusione sociale e lotta alle povert\u00e0; Politiche per l\u2019accoglienza e l\u2019integrazione; Politiche per l\u2019infanzia, le famiglie e la genitorialit\u00e0; Politiche per le disabilit\u00e0 e la&#8230;<\/p>\n","protected":false},"author":2,"featured_media":256063,"comment_status":"closed","ping_status":"closed","sticky":false,"template":"","format":"standard","meta":{"footnotes":""},"categories":[7],"tags":[],"class_list":["post-256062","post","type-post","status-publish","format-standard","has-post-thumbnail","hentry","category-news"],"_links":{"self":[{"href":"https:\/\/www.brundisium.net\/index.php\/wp-json\/wp\/v2\/posts\/256062","targetHints":{"allow":["GET"]}}],"collection":[{"href":"https:\/\/www.brundisium.net\/index.php\/wp-json\/wp\/v2\/posts"}],"about":[{"href":"https:\/\/www.brundisium.net\/index.php\/wp-json\/wp\/v2\/types\/post"}],"author":[{"embeddable":true,"href":"https:\/\/www.brundisium.net\/index.php\/wp-json\/wp\/v2\/users\/2"}],"replies":[{"embeddable":true,"href":"https:\/\/www.brundisium.net\/index.php\/wp-json\/wp\/v2\/comments?post=256062"}],"version-history":[{"count":4,"href":"https:\/\/www.brundisium.net\/index.php\/wp-json\/wp\/v2\/posts\/256062\/revisions"}],"predecessor-version":[{"id":256067,"href":"https:\/\/www.brundisium.net\/index.php\/wp-json\/wp\/v2\/posts\/256062\/revisions\/256067"}],"wp:featuredmedia":[{"embeddable":true,"href":"https:\/\/www.brundisium.net\/index.php\/wp-json\/wp\/v2\/media\/256063"}],"wp:attachment":[{"href":"https:\/\/www.brundisium.net\/index.php\/wp-json\/wp\/v2\/media?parent=256062"}],"wp:term":[{"taxonomy":"category","embeddable":true,"href":"https:\/\/www.brundisium.net\/index.php\/wp-json\/wp\/v2\/categories?post=256062"},{"taxonomy":"post_tag","embeddable":true,"href":"https:\/\/www.brundisium.net\/index.php\/wp-json\/wp\/v2\/tags?post=256062"}],"curies":[{"name":"wp","href":"https:\/\/api.w.org\/{rel}","templated":true}]}}