{"id":256097,"date":"2026-01-18T11:23:31","date_gmt":"2026-01-18T10:23:31","guid":{"rendered":"https:\/\/www.brundisium.net\/?p=256097"},"modified":"2026-01-18T11:23:31","modified_gmt":"2026-01-18T10:23:31","slug":"pd-carovigno-no-allampliamento-della-discarica-formica","status":"publish","type":"post","link":"https:\/\/www.brundisium.net\/index.php\/pd-carovigno-no-allampliamento-della-discarica-formica\/","title":{"rendered":"PD Carovigno: &#8220;no all&#8217;ampliamento della discarica Formica&#8221;"},"content":{"rendered":"<p>Il Partito Democratico di Carovigno ribadisce la propria ferma contrariet\u00e0 all\u2019ipotesi di ampliamento della discarica di Contrada Formica, una decisione che riteniamo profondamente sbagliata sul piano ambientale, sanitario e politico.<br \/>\nNon si tratta di una scelta tecnica n\u00e9 di una risposta temporanea a un\u2019emergenza, l\u2019ampliamento della discarica incide su un territorio gi\u00e0 fragile e coinvolge direttamente le comunit\u00e0 di Carovigno, San Vito dei Normanni e Brindisi, con effetti potenzialmente duraturi sulla qualit\u00e0 della vita e sulla salute dei cittadini. L\u2019impianto insiste in un\u2019area che da anni subisce una forte pressione ambientale, suolo e falda risultano gi\u00e0 compromessi a causa della concentrazione di attivit\u00e0 impattanti. In questo contesto, l\u2019ulteriore ampliamento della discarica rischia di aggravare criticit\u00e0 esistenti e di rafforzare una visione del territorio come spazio da sacrificare per la gestione delle emergenze.<\/p>\n<p>La vicinanza con la Riserva naturale di Torre Guaceto, inoltre, rappresenta un ulteriore elemento di criticit\u00e0, che dovrebbe imporre scelte improntate alla massima prudenza.<\/p>\n<p>Anche senza allarmismi, \u00e8 evidente che in un\u2019area gi\u00e0 segnata da compromissioni ambientali il principio di precauzione non pu\u00f2 essere aggirato o ridotto a un dettaglio. Le conseguenze di questa scelta non riguardano solo l\u2019ambiente, ma investono l\u2019agricoltura, la sicurezza delle produzioni locali, l\u2019attrattivit\u00e0 del territorio e la salute delle comunit\u00e0 coinvolte.<br \/>\nIl richiamo alla riduzione dei costi di smaltimento o al contenimento della Tari non pu\u00f2 diventare l\u2019argomento centrale di una decisione che scarica su territori gi\u00e0 fragili il peso di scelte sbilanciate.<\/p>\n<p>Il Partito Democratico di Carovigno, come gi\u00e0 fatto in passato, ha partecipato alle mobilitazioni e si \u00e8 opposto con determinazione a ogni ipotesi di ampliamento della discarica.<br \/>\nOggi ribadiamo quella posizione, in coerenza con le scelte assunte dal Comune di Carovigno e dal Comune di San Vito dei Normanni.<\/p>\n<p>Riteniamo necessario che i Comuni interessati e la Provincia di Brindisi intervengano con decisione nel procedimento in corso, facendo valere il proprio ruolo istituzionale nella tutela del territorio condiviso. Scelte di questa portata non possono essere orientate dalle esigenze di un solo Comune n\u00e9 scaricate su pi\u00f9 comunit\u00e0.<br \/>\nIl Partito Democratico di Carovigno continuer\u00e0 a battersi, dentro e fuori le istituzioni, per la difesa del territorio e della salute dei cittadini, contro una logica emergenziale che da troppo tempo penalizza sempre le stesse aree.<\/p>\n<p>&nbsp;<\/p>\n<p>Luigi Bennardi<br \/>\nSegretario PD Carovign<\/p>\n","protected":false},"excerpt":{"rendered":"<p>Il Partito Democratico di Carovigno ribadisce la propria ferma contrariet\u00e0 all\u2019ipotesi di ampliamento della discarica di Contrada Formica, una decisione che riteniamo profondamente sbagliata sul piano ambientale, sanitario e politico. Non si tratta di una scelta tecnica n\u00e9 di una risposta temporanea a un\u2019emergenza, l\u2019ampliamento della discarica incide su un territorio gi\u00e0 fragile e coinvolge direttamente le comunit\u00e0 di Carovigno, San Vito dei Normanni e Brindisi, con effetti potenzialmente duraturi sulla qualit\u00e0 della vita e sulla salute dei cittadini. L\u2019impianto insiste in un\u2019area che da anni subisce una forte pressione ambientale, suolo e falda risultano gi\u00e0 compromessi a causa della concentrazione di attivit\u00e0 impattanti. In questo contesto, l\u2019ulteriore ampliamento della discarica rischia di aggravare criticit\u00e0 esistenti e di rafforzare una visione del territorio come spazio da sacrificare per la gestione delle emergenze. La vicinanza con la Riserva naturale di Torre Guaceto, inoltre, rappresenta un ulteriore elemento di criticit\u00e0, che dovrebbe imporre scelte improntate alla massima prudenza. Anche senza allarmismi, \u00e8 evidente che in un\u2019area gi\u00e0 segnata da compromissioni ambientali il&#8230;<\/p>\n","protected":false},"author":2,"featured_media":229405,"comment_status":"closed","ping_status":"closed","sticky":false,"template":"","format":"standard","meta":{"footnotes":""},"categories":[7],"tags":[],"class_list":["post-256097","post","type-post","status-publish","format-standard","has-post-thumbnail","hentry","category-news"],"_links":{"self":[{"href":"https:\/\/www.brundisium.net\/index.php\/wp-json\/wp\/v2\/posts\/256097","targetHints":{"allow":["GET"]}}],"collection":[{"href":"https:\/\/www.brundisium.net\/index.php\/wp-json\/wp\/v2\/posts"}],"about":[{"href":"https:\/\/www.brundisium.net\/index.php\/wp-json\/wp\/v2\/types\/post"}],"author":[{"embeddable":true,"href":"https:\/\/www.brundisium.net\/index.php\/wp-json\/wp\/v2\/users\/2"}],"replies":[{"embeddable":true,"href":"https:\/\/www.brundisium.net\/index.php\/wp-json\/wp\/v2\/comments?post=256097"}],"version-history":[{"count":1,"href":"https:\/\/www.brundisium.net\/index.php\/wp-json\/wp\/v2\/posts\/256097\/revisions"}],"predecessor-version":[{"id":256099,"href":"https:\/\/www.brundisium.net\/index.php\/wp-json\/wp\/v2\/posts\/256097\/revisions\/256099"}],"wp:featuredmedia":[{"embeddable":true,"href":"https:\/\/www.brundisium.net\/index.php\/wp-json\/wp\/v2\/media\/229405"}],"wp:attachment":[{"href":"https:\/\/www.brundisium.net\/index.php\/wp-json\/wp\/v2\/media?parent=256097"}],"wp:term":[{"taxonomy":"category","embeddable":true,"href":"https:\/\/www.brundisium.net\/index.php\/wp-json\/wp\/v2\/categories?post=256097"},{"taxonomy":"post_tag","embeddable":true,"href":"https:\/\/www.brundisium.net\/index.php\/wp-json\/wp\/v2\/tags?post=256097"}],"curies":[{"name":"wp","href":"https:\/\/api.w.org\/{rel}","templated":true}]}}