{"id":256140,"date":"2026-01-19T13:29:37","date_gmt":"2026-01-19T12:29:37","guid":{"rendered":"https:\/\/www.brundisium.net\/?p=256140"},"modified":"2026-01-19T13:29:37","modified_gmt":"2026-01-19T12:29:37","slug":"appiccato-il-fuoco-al-nuovo-centro-immigrati-in-contrada-restinco-alla-vigilia-dellinizio-dei-lavoro","status":"publish","type":"post","link":"https:\/\/www.brundisium.net\/index.php\/appiccato-il-fuoco-al-nuovo-centro-immigrati-in-contrada-restinco-alla-vigilia-dellinizio-dei-lavoro\/","title":{"rendered":"Appiccato il fuoco al nuovo Centro immigrati in contrada Restinco alla vigilia dell\u2019inizio dei lavorO"},"content":{"rendered":"<p>Questa mattina, 19 gennaio 2026, avrebbero dovuto avere inizio i lavori per il nuovo Centro immigrati, ubicato al confine fra le contrade Restinco e Montenegro, il cui progetto \u00e8 stato finanziato per 2,3 milioni di euro anche dalla Comunit\u00e0 europea ed \u00e8 stato giudicato dal Commissario straordinario per l\u2019emergenza migranti come uno fra i migliori in Italia essendovi la previsione di 80 posti letto, un servizio di mensa ed un centro di formazione lavoro.<\/p>\n<p>\u201cQuesta notte per\u00f2 il centro \u00e8 stato oggetto di un vigliacco attacco \u2013 ha riferito l\u2019assessore ai Servizi sociali, Ercole Saponaro -. Tutti i mobili e le suppellettili fatiscenti, che erano fuori in attesa di essere portati via dagli addetti dalla societ\u00e0 che gestisce il servizio dei rifiuti, sono stati trascinati all\u2019interno delle strutture ed \u00e8 stato appiccato il fuoco, arrecando ingentissimi danni all\u2019immobile\u201d.<\/p>\n<p>L\u2019assessore Saponaro ha proseguito: \u201cI danni causati comporteranno ulteriori esborsi economici e di conseguenza un ritardo nell\u2019avvio dei lavori rispetto a ci\u00f2 che era previsto, perch\u00e9 le opere programmate avrebbero dovuto avere inizio in queste ore, per essere completate entro maggio con il trasferimento dei migranti. Questo atto vigliacco finalizzato alla non realizzazione del progetto non fa desistere \u2013 ha concluso Saponaro -. Voglio ribadire che il grave gesto non ci fermer\u00e0, perch\u00e9 il progetto, apprezzato dal Governo e dalla Prefettura in particolare, deve andare avanti: lo realizzeremo per portare a compimento il trasferimento dei migranti dalla struttura di via provinciale San Vito a quella individuata\u201d.<\/p>\n","protected":false},"excerpt":{"rendered":"<p>Questa mattina, 19 gennaio 2026, avrebbero dovuto avere inizio i lavori per il nuovo Centro immigrati, ubicato al confine fra le contrade Restinco e Montenegro, il cui progetto \u00e8 stato finanziato per 2,3 milioni di euro anche dalla Comunit\u00e0 europea ed \u00e8 stato giudicato dal Commissario straordinario per l\u2019emergenza migranti come uno fra i migliori in Italia essendovi la previsione di 80 posti letto, un servizio di mensa ed un centro di formazione lavoro. \u201cQuesta notte per\u00f2 il centro \u00e8 stato oggetto di un vigliacco attacco \u2013 ha riferito l\u2019assessore ai Servizi sociali, Ercole Saponaro -. Tutti i mobili e le suppellettili fatiscenti, che erano fuori in attesa di essere portati via dagli addetti dalla societ\u00e0 che gestisce il servizio dei rifiuti, sono stati trascinati all\u2019interno delle strutture ed \u00e8 stato appiccato il fuoco, arrecando ingentissimi danni all\u2019immobile\u201d. L\u2019assessore Saponaro ha proseguito: \u201cI danni causati comporteranno ulteriori esborsi economici e di conseguenza un ritardo nell\u2019avvio dei lavori rispetto a ci\u00f2 che era previsto, perch\u00e9 le opere programmate avrebbero dovuto avere&#8230;<\/p>\n","protected":false},"author":2,"featured_media":256142,"comment_status":"closed","ping_status":"closed","sticky":false,"template":"","format":"standard","meta":{"footnotes":""},"categories":[7],"tags":[],"class_list":["post-256140","post","type-post","status-publish","format-standard","has-post-thumbnail","hentry","category-news"],"_links":{"self":[{"href":"https:\/\/www.brundisium.net\/index.php\/wp-json\/wp\/v2\/posts\/256140","targetHints":{"allow":["GET"]}}],"collection":[{"href":"https:\/\/www.brundisium.net\/index.php\/wp-json\/wp\/v2\/posts"}],"about":[{"href":"https:\/\/www.brundisium.net\/index.php\/wp-json\/wp\/v2\/types\/post"}],"author":[{"embeddable":true,"href":"https:\/\/www.brundisium.net\/index.php\/wp-json\/wp\/v2\/users\/2"}],"replies":[{"embeddable":true,"href":"https:\/\/www.brundisium.net\/index.php\/wp-json\/wp\/v2\/comments?post=256140"}],"version-history":[{"count":1,"href":"https:\/\/www.brundisium.net\/index.php\/wp-json\/wp\/v2\/posts\/256140\/revisions"}],"predecessor-version":[{"id":256143,"href":"https:\/\/www.brundisium.net\/index.php\/wp-json\/wp\/v2\/posts\/256140\/revisions\/256143"}],"wp:featuredmedia":[{"embeddable":true,"href":"https:\/\/www.brundisium.net\/index.php\/wp-json\/wp\/v2\/media\/256142"}],"wp:attachment":[{"href":"https:\/\/www.brundisium.net\/index.php\/wp-json\/wp\/v2\/media?parent=256140"}],"wp:term":[{"taxonomy":"category","embeddable":true,"href":"https:\/\/www.brundisium.net\/index.php\/wp-json\/wp\/v2\/categories?post=256140"},{"taxonomy":"post_tag","embeddable":true,"href":"https:\/\/www.brundisium.net\/index.php\/wp-json\/wp\/v2\/tags?post=256140"}],"curies":[{"name":"wp","href":"https:\/\/api.w.org\/{rel}","templated":true}]}}