{"id":256144,"date":"2026-01-19T13:44:30","date_gmt":"2026-01-19T12:44:30","guid":{"rendered":"https:\/\/www.brundisium.net\/?p=256144"},"modified":"2026-01-19T13:44:30","modified_gmt":"2026-01-19T12:44:30","slug":"donazione-di-sangue-al-comune-di-brindisi-sinergia-istituzionale-in-favore-della-collettivita","status":"publish","type":"post","link":"https:\/\/www.brundisium.net\/index.php\/donazione-di-sangue-al-comune-di-brindisi-sinergia-istituzionale-in-favore-della-collettivita\/","title":{"rendered":"Donazione di sangue al Comune di Brindisi: sinergia istituzionale in favore della collettivit\u00e0"},"content":{"rendered":"<p>Un\u2019iniziativa di solidariet\u00e0 si \u00e8 svolta stamattina nei pressi del Comune di Brindisi, dove ha sostato l\u2019autoemoteca della Asl Brindisi per una raccolta di sangue organizzata dall\u2019ente locale in collaborazione con Avis Brindisi e il Centro trasfusionale dell\u2019ospedale Perrino, diretto da Antonella Miccoli. L\u2019evento, che ha coinvolto cittadini e istituzioni, ha visto la partecipazione del cantante Al Bano, testimonial d\u2019eccezione, insieme al direttore generale della Asl Brindisi, Maurizio De Nuccio, al consigliere regionale Toni Matarrelli e al consigliere comunale Roberto Quarta.<\/p>\n<p>L\u2019obiettivo della giornata \u00e8 stato promuovere la donazione di sangue, un atto vitale per sostenere il sistema sanitario e rispondere alle emergenze, oltre a garantire le risorse necessarie per terapie complesse. Tutti i donatori che hanno risposto all\u2019appello hanno dimostrato una volta di pi\u00f9 la sensibilit\u00e0 della comunit\u00e0 brindisina verso le fragilit\u00e0 pi\u00f9 urgenti.<\/p>\n<p>Il direttore generale ha sottolineato che &#8220;la donazione di sangue \u00e8 un gesto di civilt\u00e0 che salva vite. Ringrazio il Comune di Brindisi e il sindaco Giuseppe Marchionna, Avis, il Centro trasfusionale e tutti i volontari per l\u2019impegno profuso. Invito la cittadinanza a sostenere questa causa con costanza, perch\u00e9 ogni donazione rappresenta un contributo insostituibile per la salute collettiva&#8221;.<\/p>\n<p>&#8220;Un ringraziamento speciale va al Comune di Brindisi per questo secondo appuntamento \u2013 ha aggiunto Miccoli \u2013 e per la vicinanza istituzionale alle associazioni di volontariato impegnate nella raccolta sangue, al servizio e a tutti coloro che necessitano di un apporto emotrasfusionale, sia in contesti ordinari che d\u2019emergenza. Sollecito tutti a donare: ogni gesto \u00e8 cruciale. Grazie ai donatori, sia di sangue intero sia di emocomponenti, sempre pi\u00f9 indispensabili in terapie salvavita&#8221;.<\/p>\n<p>La raccolta di oggi ha evidenziato l\u2019importanza della donazione non solo per le emergenze, ma anche per patologie croniche e terapie oncologiche. Gli emocomponenti (plasma, piastrine, globuli rossi) sono fondamentali per trattamenti complessi e la disponibilit\u00e0 costante di queste risorse dipende dalla generosit\u00e0 dei donatori.<br \/>\nAsl Brindisi ricorda che donare sangue \u00e8 sicuro e accessibile a tutti i cittadini in buona salute.<\/p>\n<p>&nbsp;<\/p>\n<p>UFFICIO STAMPA ASL BRINDISI<\/p>\n","protected":false},"excerpt":{"rendered":"<p>Un\u2019iniziativa di solidariet\u00e0 si \u00e8 svolta stamattina nei pressi del Comune di Brindisi, dove ha sostato l\u2019autoemoteca della Asl Brindisi per una raccolta di sangue organizzata dall\u2019ente locale in collaborazione con Avis Brindisi e il Centro trasfusionale dell\u2019ospedale Perrino, diretto da Antonella Miccoli. L\u2019evento, che ha coinvolto cittadini e istituzioni, ha visto la partecipazione del cantante Al Bano, testimonial d\u2019eccezione, insieme al direttore generale della Asl Brindisi, Maurizio De Nuccio, al consigliere regionale Toni Matarrelli e al consigliere comunale Roberto Quarta. L\u2019obiettivo della giornata \u00e8 stato promuovere la donazione di sangue, un atto vitale per sostenere il sistema sanitario e rispondere alle emergenze, oltre a garantire le risorse necessarie per terapie complesse. Tutti i donatori che hanno risposto all\u2019appello hanno dimostrato una volta di pi\u00f9 la sensibilit\u00e0 della comunit\u00e0 brindisina verso le fragilit\u00e0 pi\u00f9 urgenti. Il direttore generale ha sottolineato che &#8220;la donazione di sangue \u00e8 un gesto di civilt\u00e0 che salva vite. Ringrazio il Comune di Brindisi e il sindaco Giuseppe Marchionna, Avis, il Centro trasfusionale e tutti i&#8230;<\/p>\n","protected":false},"author":2,"featured_media":256146,"comment_status":"closed","ping_status":"closed","sticky":false,"template":"","format":"standard","meta":{"footnotes":""},"categories":[7],"tags":[],"class_list":["post-256144","post","type-post","status-publish","format-standard","has-post-thumbnail","hentry","category-news"],"_links":{"self":[{"href":"https:\/\/www.brundisium.net\/index.php\/wp-json\/wp\/v2\/posts\/256144","targetHints":{"allow":["GET"]}}],"collection":[{"href":"https:\/\/www.brundisium.net\/index.php\/wp-json\/wp\/v2\/posts"}],"about":[{"href":"https:\/\/www.brundisium.net\/index.php\/wp-json\/wp\/v2\/types\/post"}],"author":[{"embeddable":true,"href":"https:\/\/www.brundisium.net\/index.php\/wp-json\/wp\/v2\/users\/2"}],"replies":[{"embeddable":true,"href":"https:\/\/www.brundisium.net\/index.php\/wp-json\/wp\/v2\/comments?post=256144"}],"version-history":[{"count":1,"href":"https:\/\/www.brundisium.net\/index.php\/wp-json\/wp\/v2\/posts\/256144\/revisions"}],"predecessor-version":[{"id":256147,"href":"https:\/\/www.brundisium.net\/index.php\/wp-json\/wp\/v2\/posts\/256144\/revisions\/256147"}],"wp:featuredmedia":[{"embeddable":true,"href":"https:\/\/www.brundisium.net\/index.php\/wp-json\/wp\/v2\/media\/256146"}],"wp:attachment":[{"href":"https:\/\/www.brundisium.net\/index.php\/wp-json\/wp\/v2\/media?parent=256144"}],"wp:term":[{"taxonomy":"category","embeddable":true,"href":"https:\/\/www.brundisium.net\/index.php\/wp-json\/wp\/v2\/categories?post=256144"},{"taxonomy":"post_tag","embeddable":true,"href":"https:\/\/www.brundisium.net\/index.php\/wp-json\/wp\/v2\/tags?post=256144"}],"curies":[{"name":"wp","href":"https:\/\/api.w.org\/{rel}","templated":true}]}}