{"id":256154,"date":"2026-01-19T14:56:18","date_gmt":"2026-01-19T13:56:18","guid":{"rendered":"https:\/\/www.brundisium.net\/?p=256154"},"modified":"2026-01-19T14:56:18","modified_gmt":"2026-01-19T13:56:18","slug":"a-fuoco-il-centro-immigrati-quarta-brindisi-e-sotto-attacco-occorre-reagire-con-fermezza-e-compattezza","status":"publish","type":"post","link":"https:\/\/www.brundisium.net\/index.php\/a-fuoco-il-centro-immigrati-quarta-brindisi-e-sotto-attacco-occorre-reagire-con-fermezza-e-compattezza\/","title":{"rendered":"A fuoco il Centro Immigrati, Quarta: &#8220;Brindisi \u00e8 sotto attacco. Occorre reagire con fermezza e compattezza&#8221;"},"content":{"rendered":"<p>L\u2019incendio doloso appiccato nella notte al nuovo Centro immigrati in contrada Restinco\u2013Montenegro, alla vigilia dell\u2019avvio dei lavori, rappresenta un fatto gravissimo che va ben oltre il danneggiamento di un immobile pubblico. \u00c8 un atto vile, intimidatorio, che colpisce l\u2019intera comunit\u00e0 brindisina e che si inserisce in un clima sempre pi\u00f9 preoccupante di attacchi alla sicurezza e alla legalit\u00e0 della nostra citt\u00e0.<\/p>\n<p>Questa mattina, 19 gennaio 2026, avrebbero dovuto prendere il via i lavori del Centro immigrati finanziato con 2,3 milioni di euro, anche con fondi della Comunit\u00e0 Europea, un progetto giudicato tra i migliori in Italia dal Commissario straordinario per l\u2019emergenza migranti. Un\u2019opera che avrebbe garantito accoglienza dignitosa, formazione e integrazione. Invece, ignoti hanno trascinato all\u2019interno della struttura mobili e suppellettili destinati allo smaltimento, appiccando il fuoco e causando ingenti danni.<\/p>\n<p>Come consigliere comunale della citt\u00e0 di Brindisi, condanno con fermezza questo ennesimo episodio criminale. Non si tratta di un gesto isolato: Brindisi \u00e8 sotto attacco. Solo nelle ultime settimane abbiamo assistito all\u2019incendio al Parco del Serrone, al danneggiamento e all\u2019incendio di autovetture, fino al gravissimo episodio avvenuto l\u2019altra notte con un\u2019auto crivellata di colpi. Segnali inequivocabili di un\u2019escalation che non pu\u00f2 e non deve essere sottovalutata.<\/p>\n<p>Questi atti generano paura, terrore, insicurezza tra i cittadini e colpiscono il cuore stesso delle istituzioni. \u00c8 evidente che qualcuno stia cercando di intimidire, rallentare, condizionare le scelte pubbliche e la vita democratica della citt\u00e0. Questo clima deve essere immediatamente debellato.<\/p>\n<p>Rivolgo un appello diretto all\u2019onorevole Mauro D\u2019Attis, vicepresidente della Commissione parlamentare Antimafia: pur consapevole del suo impegno costante sulle numerose emergenze che affliggono Brindisi, credo che oggi si aggiunga con forza quella dell\u2019ordine pubblico e della sicurezza, che deve diventare una priorit\u00e0 assoluta. Servono interventi governativi immediati, un rafforzamento della presenza dello Stato e un\u2019azione coordinata delle forze dell\u2019ordine.<\/p>\n<p>Chiedo inoltre che l\u2019intero Consiglio comunale di Brindisi si esprima in modo chiaro, unitario e senza ambiguit\u00e0 contro questo vile e ulteriore attentato, riaffermando i valori della legalit\u00e0, della convivenza civile e della difesa del bene comune.<\/p>\n<p>Brindisi non pu\u00f2 e non deve piegarsi alla violenza e all\u2019intimidazione. La citt\u00e0 deve reagire con fermezza, compattezza e responsabilit\u00e0. Solo cos\u00ec potremo restituire ai cittadini serenit\u00e0, sicurezza e fiducia nelle istituzioni.<\/p>\n<p><em><\/p>\n<p>Roberto Quarta<br \/>\nConsigliere comunale \u2013 Citt\u00e0 di Brindisi<\/em><strong><\/p>\n","protected":false},"excerpt":{"rendered":"<p>L\u2019incendio doloso appiccato nella notte al nuovo Centro immigrati in contrada Restinco\u2013Montenegro, alla vigilia dell\u2019avvio dei lavori, rappresenta un fatto gravissimo che va ben oltre il danneggiamento di un immobile pubblico. \u00c8 un atto vile, intimidatorio, che colpisce l\u2019intera comunit\u00e0 brindisina e che si inserisce in un clima sempre pi\u00f9 preoccupante di attacchi alla sicurezza e alla legalit\u00e0 della nostra citt\u00e0. Questa mattina, 19 gennaio 2026, avrebbero dovuto prendere il via i lavori del Centro immigrati finanziato con 2,3 milioni di euro, anche con fondi della Comunit\u00e0 Europea, un progetto giudicato tra i migliori in Italia dal Commissario straordinario per l\u2019emergenza migranti. Un\u2019opera che avrebbe garantito accoglienza dignitosa, formazione e integrazione. Invece, ignoti hanno trascinato all\u2019interno della struttura mobili e suppellettili destinati allo smaltimento, appiccando il fuoco e causando ingenti danni. Come consigliere comunale della citt\u00e0 di Brindisi, condanno con fermezza questo ennesimo episodio criminale. Non si tratta di un gesto isolato: Brindisi \u00e8 sotto attacco. Solo nelle ultime settimane abbiamo assistito all\u2019incendio al Parco del Serrone, al danneggiamento e&#8230;<\/p>\n","protected":false},"author":2,"featured_media":224724,"comment_status":"closed","ping_status":"closed","sticky":false,"template":"","format":"standard","meta":{"footnotes":""},"categories":[7],"tags":[],"class_list":["post-256154","post","type-post","status-publish","format-standard","has-post-thumbnail","hentry","category-news"],"_links":{"self":[{"href":"https:\/\/www.brundisium.net\/index.php\/wp-json\/wp\/v2\/posts\/256154","targetHints":{"allow":["GET"]}}],"collection":[{"href":"https:\/\/www.brundisium.net\/index.php\/wp-json\/wp\/v2\/posts"}],"about":[{"href":"https:\/\/www.brundisium.net\/index.php\/wp-json\/wp\/v2\/types\/post"}],"author":[{"embeddable":true,"href":"https:\/\/www.brundisium.net\/index.php\/wp-json\/wp\/v2\/users\/2"}],"replies":[{"embeddable":true,"href":"https:\/\/www.brundisium.net\/index.php\/wp-json\/wp\/v2\/comments?post=256154"}],"version-history":[{"count":1,"href":"https:\/\/www.brundisium.net\/index.php\/wp-json\/wp\/v2\/posts\/256154\/revisions"}],"predecessor-version":[{"id":256155,"href":"https:\/\/www.brundisium.net\/index.php\/wp-json\/wp\/v2\/posts\/256154\/revisions\/256155"}],"wp:featuredmedia":[{"embeddable":true,"href":"https:\/\/www.brundisium.net\/index.php\/wp-json\/wp\/v2\/media\/224724"}],"wp:attachment":[{"href":"https:\/\/www.brundisium.net\/index.php\/wp-json\/wp\/v2\/media?parent=256154"}],"wp:term":[{"taxonomy":"category","embeddable":true,"href":"https:\/\/www.brundisium.net\/index.php\/wp-json\/wp\/v2\/categories?post=256154"},{"taxonomy":"post_tag","embeddable":true,"href":"https:\/\/www.brundisium.net\/index.php\/wp-json\/wp\/v2\/tags?post=256154"}],"curies":[{"name":"wp","href":"https:\/\/api.w.org\/{rel}","templated":true}]}}