{"id":256174,"date":"2026-01-19T19:38:40","date_gmt":"2026-01-19T18:38:40","guid":{"rendered":"https:\/\/www.brundisium.net\/?p=256174"},"modified":"2026-01-19T19:38:40","modified_gmt":"2026-01-19T18:38:40","slug":"a-fuoco-centro-immigrati-decaro-e-miglietta-nessuna-intimidazione-fermera-i-progetti-per-la-dignita-dei-lavoratori-stagionali","status":"publish","type":"post","link":"https:\/\/www.brundisium.net\/index.php\/a-fuoco-centro-immigrati-decaro-e-miglietta-nessuna-intimidazione-fermera-i-progetti-per-la-dignita-dei-lavoratori-stagionali\/","title":{"rendered":"A fuoco Centro Immigrati, Decaro e Miglietta: \u201cNessuna intimidazione fermer\u00e0 i progetti per la dignit\u00e0 dei lavoratori stagionali\u201d"},"content":{"rendered":"<p>\u201cLa dignit\u00e0 alloggiativa e l\u2019integrazione sociale dei lavoratori migranti soggiornanti sul territorio pugliese \u00e8 una priorit\u00e0 in termini di legalit\u00e0 e una battaglia di civilt\u00e0 per Regione Puglia. Chi pensa di scoraggiarci in questo percorso attraverso atti intimidatori, dietro cui si nasconde lo sfruttamento lavorativo dei cittadini stranieri e il caporalato, si sbaglia di grosso. Andremo avanti pi\u00f9 decisi di prima e, se sar\u00e0 necessario, reperiremo nuove risorse regionali per completare gli investimenti\u201d.<\/p>\n<p>&nbsp;<\/p>\n<p>Cos\u00ec il presidente della Regione Puglia Antonio Decaro commenta la notizia del rogo che, questa mattina, in contrada Restinco a Brindisi, ha danneggiato un edificio destinato all\u2019accoglienza di lavoratori migranti stagionali. L\u2019immobile \u00e8 destinatario di un progetto finanziato attraverso il Piano Nazionale di Ripresa e Resilienza (Missione 5 \u2013 Componente 2 \u2013 Investimento 2.2) per un valore complessivo di oltre 2,1 milioni di euro, all\u2019interno del quale Regione Puglia svolge un ruolo di supporto e accompagnamento ai Comuni nell\u2019elaborazione e approvazione dei Piani di Azione Locale.<\/p>\n<p>&nbsp;<\/p>\n<p>\u201cNei mesi scorsi \u2013 ha aggiunto l\u2019assessora alle Politiche migratorie Silvia Miglietta \u2013 Regione Puglia \u00e8 stata al fianco del Comune di Brindisi e della Prefettura per garantire le risorse del PNRR necessarie alla realizzazione di questo intervento. Mi recher\u00f2 personalmente sul luogo dell\u2019incendio per una prima stima dei danni insieme ai tecnici comunali. Qualora fosse necessario, chiederemo al Commissario straordinario del Governo un\u2019integrazione delle risorse finanziarie per fronteggiare l\u2019imprevisto e rispettare il cronoprogramma concordato, che prevede la conclusione dei lavori entro dicembre 2026. A chi ha compiuto questo gesto vile voglio dire con chiarezza che nessuna intimidazione potr\u00e0 fermare l\u2019impegno della Regione Puglia nel migliorare le condizioni di vita e di lavoro delle persone migranti, che contribuiscono in modo essenziale alla ricchezza e al benessere del nostro territorio\u201d.<\/p>\n","protected":false},"excerpt":{"rendered":"<p>\u201cLa dignit\u00e0 alloggiativa e l\u2019integrazione sociale dei lavoratori migranti soggiornanti sul territorio pugliese \u00e8 una priorit\u00e0 in termini di legalit\u00e0 e una battaglia di civilt\u00e0 per Regione Puglia. Chi pensa di scoraggiarci in questo percorso attraverso atti intimidatori, dietro cui si nasconde lo sfruttamento lavorativo dei cittadini stranieri e il caporalato, si sbaglia di grosso. Andremo avanti pi\u00f9 decisi di prima e, se sar\u00e0 necessario, reperiremo nuove risorse regionali per completare gli investimenti\u201d. &nbsp; Cos\u00ec il presidente della Regione Puglia Antonio Decaro commenta la notizia del rogo che, questa mattina, in contrada Restinco a Brindisi, ha danneggiato un edificio destinato all\u2019accoglienza di lavoratori migranti stagionali. L\u2019immobile \u00e8 destinatario di un progetto finanziato attraverso il Piano Nazionale di Ripresa e Resilienza (Missione 5 \u2013 Componente 2 \u2013 Investimento 2.2) per un valore complessivo di oltre 2,1 milioni di euro, all\u2019interno del quale Regione Puglia svolge un ruolo di supporto e accompagnamento ai Comuni nell\u2019elaborazione e approvazione dei Piani di Azione Locale. &nbsp; \u201cNei mesi scorsi \u2013 ha aggiunto l\u2019assessora alle Politiche&#8230;<\/p>\n","protected":false},"author":2,"featured_media":256175,"comment_status":"closed","ping_status":"closed","sticky":false,"template":"","format":"standard","meta":{"footnotes":""},"categories":[7],"tags":[],"class_list":["post-256174","post","type-post","status-publish","format-standard","has-post-thumbnail","hentry","category-news"],"_links":{"self":[{"href":"https:\/\/www.brundisium.net\/index.php\/wp-json\/wp\/v2\/posts\/256174","targetHints":{"allow":["GET"]}}],"collection":[{"href":"https:\/\/www.brundisium.net\/index.php\/wp-json\/wp\/v2\/posts"}],"about":[{"href":"https:\/\/www.brundisium.net\/index.php\/wp-json\/wp\/v2\/types\/post"}],"author":[{"embeddable":true,"href":"https:\/\/www.brundisium.net\/index.php\/wp-json\/wp\/v2\/users\/2"}],"replies":[{"embeddable":true,"href":"https:\/\/www.brundisium.net\/index.php\/wp-json\/wp\/v2\/comments?post=256174"}],"version-history":[{"count":1,"href":"https:\/\/www.brundisium.net\/index.php\/wp-json\/wp\/v2\/posts\/256174\/revisions"}],"predecessor-version":[{"id":256176,"href":"https:\/\/www.brundisium.net\/index.php\/wp-json\/wp\/v2\/posts\/256174\/revisions\/256176"}],"wp:featuredmedia":[{"embeddable":true,"href":"https:\/\/www.brundisium.net\/index.php\/wp-json\/wp\/v2\/media\/256175"}],"wp:attachment":[{"href":"https:\/\/www.brundisium.net\/index.php\/wp-json\/wp\/v2\/media?parent=256174"}],"wp:term":[{"taxonomy":"category","embeddable":true,"href":"https:\/\/www.brundisium.net\/index.php\/wp-json\/wp\/v2\/categories?post=256174"},{"taxonomy":"post_tag","embeddable":true,"href":"https:\/\/www.brundisium.net\/index.php\/wp-json\/wp\/v2\/tags?post=256174"}],"curies":[{"name":"wp","href":"https:\/\/api.w.org\/{rel}","templated":true}]}}