{"id":256240,"date":"2026-01-21T08:27:01","date_gmt":"2026-01-21T07:27:01","guid":{"rendered":"https:\/\/www.brundisium.net\/?p=256240"},"modified":"2026-01-21T07:29:13","modified_gmt":"2026-01-21T06:29:13","slug":"oratorio-sing-resi-noti-i-nomi-degli-ospiti-della-xxix-edizione-della-festa-di-san-giovanni-bosco-ad-oria","status":"publish","type":"post","link":"https:\/\/www.brundisium.net\/index.php\/oratorio-sing-resi-noti-i-nomi-degli-ospiti-della-xxix-edizione-della-festa-di-san-giovanni-bosco-ad-oria\/","title":{"rendered":"Oratorio Sing: resi noti i nomi degli ospiti della XXIX edizione della Festa di San Giovanni Bosco ad Oria"},"content":{"rendered":"<p>Tutto pronto per la XXIX edizione della Festa di San Giovanni Bosco ad Oria! Si terr\u00e0 venerd\u00ec 30 gennaio, con inizio alle ore 18.30 presso il teatro della Chiesa di San Barsanofio ad Oria, il tradizionale appuntamento con la festa di San Giovanni Bosco \u2013 compleanno dell\u2019Oratorio S.I.N.G.<\/p>\n<p>Come sempre, grandi storie e illustri ospiti animeranno la festa del S.I.N.G. Anche quest\u2019anno il tema centrale sar\u00e0 legalit\u00e0 ed infanzia.<\/p>\n<p>Sar\u00e0 presente Ismaele La Vardera, onorevole dell\u2019Assemblea Regionale Siciliana, da qualche tempo sotto scorta a causa delle sue denunce, con un passato da giornalista nel noto programma di Italia 1 Le Iene. Ismaele, al mattino con inizio alle ore 10.30, incontrer\u00e0 i giovani liceali di Oria nel progetto \u201cLa scuola vola sulle ali della legalit\u00e0\u201d, su impulso della fiduciaria prof.ssa Stefania Ignazi.<\/p>\n<p>In collegamento da Latina ci sar\u00e0 la famiglia Mendico, genitori di Paolo, ragazzo di 14 anni che si \u00e8 tolto la vita l\u201911 settembre 2025. La sua morte, legata a episodi di bullismo persistente, ha acceso il dibattito nazionale sulla prevenzione e sulla gestione del bullismo nelle scuole.<\/p>\n<p>Sar\u00e0 presente, inoltre, Eugenia Pastore, moglie del brigadiere capo dell\u2019Arma dei Carabinieri Carlo Legrottaglie, originario di Ostuni (BR), morto il 12 giugno 2025 in un conflitto a fuoco con rapinatori nelle campagne di Francavilla Fontana (BR) nel suo ultimo giorno di servizio prima della pensione. Stimato per dedizione, professionalit\u00e0 e senso del dovere, ha servito per oltre trent\u2019anni nella pattuglia radiomobile.<\/p>\n<p>All\u2019On.le Lavardera, alla famiglia Mendico e alla memoria di Carlo Legrottaglie sar\u00e0 assegnato il Premio Nazionale \u201cDonato Carbone\u201d \u2013 vittima di mafia.<\/p>\n<p>Il premio all\u2019educatore \u201cMelania Russo\u201d sar\u00e0 assegnato, invece, all\u2019associazione \u201cCuore e mani aperte \u2013 OdV\u201d, ente di volontariato attivo da oltre vent\u2019anni all\u2019interno dell\u2019Ospedale \u201cVito\u202fFazzi\u201d di Lecce, fondato dal cappellano don Gianni Mattia, che sostiene pazienti e famiglie con progetti di assistenza, accoglienza e umanizzazione delle cure. L\u2019associazione opera con iniziative solidali come donazioni di apparecchiature mediche e servizi di supporto per migliorare il benessere di malati, in particolare bambini e gestanti, e dei loro cari nel territorio salentino.<\/p>\n<p>Il premio \u201cArteSport&#038;Territorio: Eccellenze pugliesi!\u201d sar\u00e0 assegnato a:<\/p>\n<p>    Ferdinando \u201cFef\u00e8\u201d De Giorgi, salentino, leggenda del volley italiano, noto come palleggiatore nella gloriosa \u201cGenerazione dei Fenomeni\u201d (vincitore di 3 Mondiali e 1 Europeo) e poi come allenatore, guidando la Nazionale Maschile Italiana alla vittoria di un Europeo (2021) e due Mondiali (2022 e 2025), e vincendo anche a livello di club in Italia e Polonia. \u00c8 l\u2019unico sportivo ad aver vinto cinque titoli mondiali di pallavolo (tre da giocatore, due da allenatore). De Giorgi, essendo fuori regione per ragioni sportive, sar\u00e0 presente in video.<br \/>\n    Piero Iunco, originario di Oria (Brindisi), musicista polistrumentista e docente. Si occupa di canto moderno, pianoforte, violoncello e fisarmonica, dirige laboratori musicali e svolge attivit\u00e0 di cantautore, partecipando a concorsi e trasmissioni locali e nazionali, contribuendo alla promozione della musica e della cultura artistica nel territorio salentino. Sar\u00e0 premiato assieme al figlio Mirko, docente di pianoforte presso la scuola secondaria ad indirizzo musicale, laureato in pianoforte al \u201cTito Schipa\u201d di Lecce.<br \/>\n    All\u2019artista RCK, al secolo Luigi Cal\u00f2, noto per le sue opere che uniscono arte urbana, denuncia sociale e memoria collettiva, l\u2019oratorio S.I.N.G. \u00e8 molto riconoscente per aver partecipato senza alcun compenso, spinto solo dal desiderio di restituire alla comunit\u00e0 un simbolo di affetto e speranza, nella ricostruzione del vandalizzato murales dedicato al gi\u00e0 vicepresidente del sodalizio oritano Andrea \u201cCarletto\u201d Santorsola sul molo di Campomarino (TA), morto a causa di un incidente sul lavoro.<\/p>\n<p>Alla serata prender\u00e0 parte, inoltre, il noto duo comico salentino \u201cCiciri e Tria\u201d da Zelig e Colorado.<\/p>\n<p>La festa sar\u00e0 inaugurata con la S. Messa delle ore 10.30 di domenica 25 gennaio, presieduta da Don Giuseppe Leporale, presso la Parrocchia San Francesco D\u2019Assisi in Oria, dove il S.I.N.G.ha visto i natali. Durante la celebrazione sar\u00e0 benedetta l\u2019antica statua di San Giovanni Bosco; l\u2019Oratorio ha voluto donare alla Parrocchia il restauro del manufatto in cartapesta in occasione della chiusura delle manifestazioni per i XXXV anni. La messa di ringraziamento si terr\u00e0 domenica 1 febbraio, alle ore 10.45, presso la Chiesa di San Barsanofio, presieduta dal parroco Don Francesco Sternativo.<\/p>\n<p>Maggiori info: www.oratoriosing.it<\/p>\n","protected":false},"excerpt":{"rendered":"<p>Tutto pronto per la XXIX edizione della Festa di San Giovanni Bosco ad Oria! Si terr\u00e0 venerd\u00ec 30 gennaio, con inizio alle ore 18.30 presso il teatro della Chiesa di San Barsanofio ad Oria, il tradizionale appuntamento con la festa di San Giovanni Bosco \u2013 compleanno dell\u2019Oratorio S.I.N.G. Come sempre, grandi storie e illustri ospiti animeranno la festa del S.I.N.G. Anche quest\u2019anno il tema centrale sar\u00e0 legalit\u00e0 ed infanzia. Sar\u00e0 presente Ismaele La Vardera, onorevole dell\u2019Assemblea Regionale Siciliana, da qualche tempo sotto scorta a causa delle sue denunce, con un passato da giornalista nel noto programma di Italia 1 Le Iene. Ismaele, al mattino con inizio alle ore 10.30, incontrer\u00e0 i giovani liceali di Oria nel progetto \u201cLa scuola vola sulle ali della legalit\u00e0\u201d, su impulso della fiduciaria prof.ssa Stefania Ignazi. In collegamento da Latina ci sar\u00e0 la famiglia Mendico, genitori di Paolo, ragazzo di 14 anni che si \u00e8 tolto la vita l\u201911 settembre 2025. La sua morte, legata a episodi di bullismo persistente, ha acceso il dibattito nazionale&#8230;<\/p>\n","protected":false},"author":2,"featured_media":256244,"comment_status":"closed","ping_status":"closed","sticky":false,"template":"","format":"standard","meta":{"footnotes":""},"categories":[7],"tags":[],"class_list":["post-256240","post","type-post","status-publish","format-standard","has-post-thumbnail","hentry","category-news"],"_links":{"self":[{"href":"https:\/\/www.brundisium.net\/index.php\/wp-json\/wp\/v2\/posts\/256240","targetHints":{"allow":["GET"]}}],"collection":[{"href":"https:\/\/www.brundisium.net\/index.php\/wp-json\/wp\/v2\/posts"}],"about":[{"href":"https:\/\/www.brundisium.net\/index.php\/wp-json\/wp\/v2\/types\/post"}],"author":[{"embeddable":true,"href":"https:\/\/www.brundisium.net\/index.php\/wp-json\/wp\/v2\/users\/2"}],"replies":[{"embeddable":true,"href":"https:\/\/www.brundisium.net\/index.php\/wp-json\/wp\/v2\/comments?post=256240"}],"version-history":[{"count":1,"href":"https:\/\/www.brundisium.net\/index.php\/wp-json\/wp\/v2\/posts\/256240\/revisions"}],"predecessor-version":[{"id":256246,"href":"https:\/\/www.brundisium.net\/index.php\/wp-json\/wp\/v2\/posts\/256240\/revisions\/256246"}],"wp:featuredmedia":[{"embeddable":true,"href":"https:\/\/www.brundisium.net\/index.php\/wp-json\/wp\/v2\/media\/256244"}],"wp:attachment":[{"href":"https:\/\/www.brundisium.net\/index.php\/wp-json\/wp\/v2\/media?parent=256240"}],"wp:term":[{"taxonomy":"category","embeddable":true,"href":"https:\/\/www.brundisium.net\/index.php\/wp-json\/wp\/v2\/categories?post=256240"},{"taxonomy":"post_tag","embeddable":true,"href":"https:\/\/www.brundisium.net\/index.php\/wp-json\/wp\/v2\/tags?post=256240"}],"curies":[{"name":"wp","href":"https:\/\/api.w.org\/{rel}","templated":true}]}}