{"id":256243,"date":"2026-01-21T07:29:22","date_gmt":"2026-01-21T06:29:22","guid":{"rendered":"https:\/\/www.brundisium.net\/?p=256243"},"modified":"2026-01-21T07:29:22","modified_gmt":"2026-01-21T06:29:22","slug":"gero-grassi-incontra-gli-studenti-della-sede-scolastica-carceraria-di-brindisi","status":"publish","type":"post","link":"https:\/\/www.brundisium.net\/index.php\/gero-grassi-incontra-gli-studenti-della-sede-scolastica-carceraria-di-brindisi\/","title":{"rendered":"Gero Grassi incontra gli studenti della Sede Scolastica Carceraria di Brindisi"},"content":{"rendered":"<p>Il riscatto sociale passa attraverso l\u2019istruzione. Gioved\u00ec 22 gennaio, alle ore 9.30, l\u2019onorevole Gero Grassi incontrer\u00e0 gli studenti della Sede Scolastica Carceraria di Brindisi. Un evento che si preannuncia dal profondo valore civile, dedicato al tema: \u00abL\u2019istruzione nel percorso di vita di Alberto Manzi e Aldo Moro\u00bb.<br \/>\nSi tratta del primo evento ufficiale organizzato presso la Casa Circondariale brindisina dall\u2019Istituto di Istruzione Secondaria Superiore \u201cFerraris De Marco Valzani\u201d \u2013 Polo Tecnico Professionale \u201cMessapia\u201d. Una giornata che vedr\u00e0 anche l\u2019intitolazione della Sede Scolastica interna alla struttura ad Alberto Manzi, il celebre \u00abmaestro d\u2019Italia\u00bb, scelto dagli stessi studenti-detenuti attraverso un apposito referendum.<br \/>\nGero Grassi, giornalista e gi\u00e0 figura chiave della Seconda Commissione d\u2019Inchiesta sul caso Moro (2014-2018), \u00e8 originario di Terlizzi e ha dedicato anni di instancabile impegno a mantenere viva la memoria dello statista pugliese e delle vittime della strage di via Fani. Con il suo stile comunicativo appassionato e coinvolgente, Grassi non parler\u00e0 soltanto di quanto Manzi e Moro considerassero l\u2019istruzione scolastica centrale \u2013 secondo il dettato della Costituzione Italiana \u2013 per l\u2019emancipazione e il pieno sviluppo della persona umana, ma sapr\u00e0 trasmettere agli studenti-detenuti l\u2019integrit\u00e0 e la statura morale di questi due luminosi testimoni del Novecento italiano.<br \/>\nIl suo approccio mira a umanizzare figure che spesso i libri di scuola rendono distanti, sottolineando come la conoscenza della verit\u00e0 storica sia un dovere civico imprescindibile per una democrazia sana. Il legame tra Manzi e Moro diventa cos\u00ec lo spunto per riflettere sul potere salvifico dell\u2019istruzione e della cultura.<br \/>\nIl parallelo proposto da Grassi non \u00e8 casuale. Se Alberto Manzi attraverso la televisione ha insegnato agli Italiani a leggere e scrivere per renderli liberi dal bisogno, e ancora prima lo ha fatto con i minori detenuti, Aldo Moro ha pagato con la vita la difesa di una democrazia fondata sulla partecipazione e sul dialogo. Per gli studenti della Sede Scolastica Carceraria, queste figure diventano modelli di riferimento in un percorso di riflessione personale che vede nello studio la chiave per una nuova vita oltre le sbarre.<br \/>\n\u00abQuesta giornata \u2013 ha espresso con soddisfazione la Dirigente Scolastica Rita Ortenzia De Vito \u2013 rappresenta il culmine di un percorso di consapevolezza e cittadinanza attiva che ha coinvolto i nostri studenti della Sede Carceraria. Scegliere di intitolare la Scuola ad Alberto Manzi e ascoltare la testimonianza di Gero Grassi significa ribadire che l\u2019istruzione non \u00e8 soltanto un diritto, ma lo strumento primario per la riconquista della dignit\u00e0 umana e della libert\u00e0. Siamo orgogliosi di offrire ai nostri studenti una riflessione di cos\u00ec alto profilo, convinti che la Scuola debba essere ovunque un luogo di speranza e riscatto\u00bb.<br \/>\nL\u2019incontro, che sar\u00e0 moderato da Carmelo Chitano, vedr\u00e0 la partecipazione delle massime autorit\u00e0 locali. Dopo i saluti istituzionali di Rita Ortenzia De Vito, seguiranno quelli di Valentina Meo Evoli, Direttore della Casa Circondariale di Brindisi, dell\u2019onorevole Mauro D\u2019Attis, Vicepresidente della Commissione parlamentare antimafia, di Guido Aprea, Prefetto di Brindisi, di Giuseppe Marchionna, Sindaco di Brindisi, e di Giuseppe Ventrella, Presidente facente funzioni della Provincia di Brindisi.<\/p>\n","protected":false},"excerpt":{"rendered":"<p>Il riscatto sociale passa attraverso l\u2019istruzione. Gioved\u00ec 22 gennaio, alle ore 9.30, l\u2019onorevole Gero Grassi incontrer\u00e0 gli studenti della Sede Scolastica Carceraria di Brindisi. Un evento che si preannuncia dal profondo valore civile, dedicato al tema: \u00abL\u2019istruzione nel percorso di vita di Alberto Manzi e Aldo Moro\u00bb. Si tratta del primo evento ufficiale organizzato presso la Casa Circondariale brindisina dall\u2019Istituto di Istruzione Secondaria Superiore \u201cFerraris De Marco Valzani\u201d \u2013 Polo Tecnico Professionale \u201cMessapia\u201d. Una giornata che vedr\u00e0 anche l\u2019intitolazione della Sede Scolastica interna alla struttura ad Alberto Manzi, il celebre \u00abmaestro d\u2019Italia\u00bb, scelto dagli stessi studenti-detenuti attraverso un apposito referendum. Gero Grassi, giornalista e gi\u00e0 figura chiave della Seconda Commissione d\u2019Inchiesta sul caso Moro (2014-2018), \u00e8 originario di Terlizzi e ha dedicato anni di instancabile impegno a mantenere viva la memoria dello statista pugliese e delle vittime della strage di via Fani. Con il suo stile comunicativo appassionato e coinvolgente, Grassi non parler\u00e0 soltanto di quanto Manzi e Moro considerassero l\u2019istruzione scolastica centrale \u2013 secondo il dettato della Costituzione Italiana&#8230;<\/p>\n","protected":false},"author":2,"featured_media":256245,"comment_status":"closed","ping_status":"closed","sticky":false,"template":"","format":"standard","meta":{"footnotes":""},"categories":[7],"tags":[],"class_list":["post-256243","post","type-post","status-publish","format-standard","has-post-thumbnail","hentry","category-news"],"_links":{"self":[{"href":"https:\/\/www.brundisium.net\/index.php\/wp-json\/wp\/v2\/posts\/256243","targetHints":{"allow":["GET"]}}],"collection":[{"href":"https:\/\/www.brundisium.net\/index.php\/wp-json\/wp\/v2\/posts"}],"about":[{"href":"https:\/\/www.brundisium.net\/index.php\/wp-json\/wp\/v2\/types\/post"}],"author":[{"embeddable":true,"href":"https:\/\/www.brundisium.net\/index.php\/wp-json\/wp\/v2\/users\/2"}],"replies":[{"embeddable":true,"href":"https:\/\/www.brundisium.net\/index.php\/wp-json\/wp\/v2\/comments?post=256243"}],"version-history":[{"count":1,"href":"https:\/\/www.brundisium.net\/index.php\/wp-json\/wp\/v2\/posts\/256243\/revisions"}],"predecessor-version":[{"id":256247,"href":"https:\/\/www.brundisium.net\/index.php\/wp-json\/wp\/v2\/posts\/256243\/revisions\/256247"}],"wp:featuredmedia":[{"embeddable":true,"href":"https:\/\/www.brundisium.net\/index.php\/wp-json\/wp\/v2\/media\/256245"}],"wp:attachment":[{"href":"https:\/\/www.brundisium.net\/index.php\/wp-json\/wp\/v2\/media?parent=256243"}],"wp:term":[{"taxonomy":"category","embeddable":true,"href":"https:\/\/www.brundisium.net\/index.php\/wp-json\/wp\/v2\/categories?post=256243"},{"taxonomy":"post_tag","embeddable":true,"href":"https:\/\/www.brundisium.net\/index.php\/wp-json\/wp\/v2\/tags?post=256243"}],"curies":[{"name":"wp","href":"https:\/\/api.w.org\/{rel}","templated":true}]}}