{"id":256358,"date":"2026-01-22T09:25:31","date_gmt":"2026-01-22T08:25:31","guid":{"rendered":"https:\/\/www.brundisium.net\/?p=256358"},"modified":"2026-01-22T09:25:31","modified_gmt":"2026-01-22T08:25:31","slug":"orgoglio-per-lo-sport-brindisino-il-karateka-francesco-sergi-convocato-in-nazionale","status":"publish","type":"post","link":"https:\/\/www.brundisium.net\/index.php\/orgoglio-per-lo-sport-brindisino-il-karateka-francesco-sergi-convocato-in-nazionale\/","title":{"rendered":"Orgoglio per lo sport brindisino: il karateka Francesco Sergi convocato in nazionale"},"content":{"rendered":"<p>Orgoglio per lo sport brindisino. Francesco Sergi, atleta della Nazionale Italiana Under 21, \u00e8 stato convocato per il Campionato Europeo EKF in programma a Limassol, a Cipro, al termine di una stagione 2025 ricca di risultati e soddisfazioni.<\/p>\n<p>Il giovane karateka \u00e8 tesserato con la Metropolitan Karate Brindisi, con sede in via Bozzano 5, una realt\u00e0 sportiva che ha avuto un ruolo decisivo nella sua crescita tecnica e agonistica.<\/p>\n<p>La convocazione \u00e8 il riconoscimento di un percorso costruito con impegno e continuit\u00e0, seguito dallo staff tecnico guidato dal maestro Francesco Zonno, anch\u2019egli membro dello staff della Nazionale, insieme a Samuel Stea e Danilo Spagnolo.<\/p>\n<p>A rendere ancora pi\u00f9 prestigiosa la chiamata azzurra \u00e8 il palmar\u00e8s europeo dell\u2019atleta: Sergi \u00e8 gi\u00e0 Campione Europeo Juniores a squadre 2025 e Vice Campione Europeo a squadre 2024.<\/p>\n<p>Ora lo sguardo \u00e8 puntato su Limassol, dove Sergi Francesco rappresenter\u00e0 Brindisi e l\u2019Italia su uno dei palcoscenici pi\u00f9 importanti del karate europeo. Un traguardo che conferma il valore dell\u2019atleta e la qualit\u00e0 del movimento sportivo brindisino<\/p>\n","protected":false},"excerpt":{"rendered":"<p>Orgoglio per lo sport brindisino. Francesco Sergi, atleta della Nazionale Italiana Under 21, \u00e8 stato convocato per il Campionato Europeo EKF in programma a Limassol, a Cipro, al termine di una stagione 2025 ricca di risultati e soddisfazioni. Il giovane karateka \u00e8 tesserato con la Metropolitan Karate Brindisi, con sede in via Bozzano 5, una realt\u00e0 sportiva che ha avuto un ruolo decisivo nella sua crescita tecnica e agonistica. La convocazione \u00e8 il riconoscimento di un percorso costruito con impegno e continuit\u00e0, seguito dallo staff tecnico guidato dal maestro Francesco Zonno, anch\u2019egli membro dello staff della Nazionale, insieme a Samuel Stea e Danilo Spagnolo. A rendere ancora pi\u00f9 prestigiosa la chiamata azzurra \u00e8 il palmar\u00e8s europeo dell\u2019atleta: Sergi \u00e8 gi\u00e0 Campione Europeo Juniores a squadre 2025 e Vice Campione Europeo a squadre 2024. Ora lo sguardo \u00e8 puntato su Limassol, dove Sergi Francesco rappresenter\u00e0 Brindisi e l\u2019Italia su uno dei palcoscenici pi\u00f9 importanti del karate europeo. Un traguardo che conferma il valore dell\u2019atleta e la qualit\u00e0 del movimento sportivo brindisino<\/p>\n","protected":false},"author":2,"featured_media":256360,"comment_status":"closed","ping_status":"closed","sticky":false,"template":"","format":"standard","meta":{"footnotes":""},"categories":[4100],"tags":[],"class_list":["post-256358","post","type-post","status-publish","format-standard","has-post-thumbnail","hentry","category-karate"],"_links":{"self":[{"href":"https:\/\/www.brundisium.net\/index.php\/wp-json\/wp\/v2\/posts\/256358","targetHints":{"allow":["GET"]}}],"collection":[{"href":"https:\/\/www.brundisium.net\/index.php\/wp-json\/wp\/v2\/posts"}],"about":[{"href":"https:\/\/www.brundisium.net\/index.php\/wp-json\/wp\/v2\/types\/post"}],"author":[{"embeddable":true,"href":"https:\/\/www.brundisium.net\/index.php\/wp-json\/wp\/v2\/users\/2"}],"replies":[{"embeddable":true,"href":"https:\/\/www.brundisium.net\/index.php\/wp-json\/wp\/v2\/comments?post=256358"}],"version-history":[{"count":1,"href":"https:\/\/www.brundisium.net\/index.php\/wp-json\/wp\/v2\/posts\/256358\/revisions"}],"predecessor-version":[{"id":256361,"href":"https:\/\/www.brundisium.net\/index.php\/wp-json\/wp\/v2\/posts\/256358\/revisions\/256361"}],"wp:featuredmedia":[{"embeddable":true,"href":"https:\/\/www.brundisium.net\/index.php\/wp-json\/wp\/v2\/media\/256360"}],"wp:attachment":[{"href":"https:\/\/www.brundisium.net\/index.php\/wp-json\/wp\/v2\/media?parent=256358"}],"wp:term":[{"taxonomy":"category","embeddable":true,"href":"https:\/\/www.brundisium.net\/index.php\/wp-json\/wp\/v2\/categories?post=256358"},{"taxonomy":"post_tag","embeddable":true,"href":"https:\/\/www.brundisium.net\/index.php\/wp-json\/wp\/v2\/tags?post=256358"}],"curies":[{"name":"wp","href":"https:\/\/api.w.org\/{rel}","templated":true}]}}