{"id":256464,"date":"2026-01-24T16:15:04","date_gmt":"2026-01-24T15:15:04","guid":{"rendered":"https:\/\/www.brundisium.net\/?p=256464"},"modified":"2026-01-24T16:15:04","modified_gmt":"2026-01-24T15:15:04","slug":"bellaria-padel-brindisi-tutto-pronto-per-la-stagione-di-serie-a-e-la-prima-squadra-del-sud-italia","status":"publish","type":"post","link":"https:\/\/www.brundisium.net\/index.php\/bellaria-padel-brindisi-tutto-pronto-per-la-stagione-di-serie-a-e-la-prima-squadra-del-sud-italia\/","title":{"rendered":"Bellaria Padel Brindisi, tutto pronto per la stagione di Serie A: \u00e8 la prima squadra del Sud Italia"},"content":{"rendered":"<p>Continua il lavoro di preparazione del Bellaria Padel Brindisi che dal mese di marzo parteciper\u00e0 per la prima volta ed unica nel Sud Italia al campionato di serie A.<\/p>\n<p>Dopo le prime conferme arrivano quelle di Erika Zanchetta, giocatrice di assoluto talento capace di giocare sia a destra che a sinistra. La ragazza di Latna si \u00e8 distinta lo scorso anno per la sua duttilit\u00e0 e la grandissima esperienza internazionale che \u00e8 servita per portare a casa match importanti e delicati. La sua leadership unita al suo bagaglio tecnico torneranno utili in un torneo che si preannuncia molto competitivo.<\/p>\n<p>Oltre alla Zanchetta faranno parte della squadra anche le siciliane Marina Garsia e Francesca Pezzillo al loro terzo anno con la casacca del Bellaria. Molto amate ed apprezzate dai tifosi brindisini grazie al loro modo di giocare non lesinando mai energie e sempre pronte a sostenere le proprie compagne.<br \/>\n\u201cSiamo veramente orgogliosi di aver confermato tutte le giocatrici della scorsa stagione, &#8211; dichiara soddisfatto il presidente Francesco Giorgino &#8211; in quanto queste ragazze hanno dimostrato di essere un gruppo solido e di aver sposato il progetto della famiglia Bellaria con gioia ed entusiasmo. La serie A ha bisogno di tante atlete forti e motivate e ben presto siamo fiduciosi di poter annunciare una o due giocatrici che faranno strabuzzare gli occhi a tutti i nostri tifosi\u201d.<\/p>\n<p>Al fine di ottimizzare la struttura societaria la societ\u00e0 annuncia con orgoglio che entrano nello staff societario Alessandro Nani nel ruolo di Direttore Commerciale, Teddy Mastrorosa che assume il ruolo di responsabile del marketing ed Alessandro Sportelli che curer\u00e0 i rapporti istituzionali della societ\u00e0. A tutti loro l\u2019augurio di buon lavoro nei rispettivi incarichi.<\/p>\n<p>Ufficio Comunicazione Bellaria Padel Brindisi<\/p>\n","protected":false},"excerpt":{"rendered":"<p>Continua il lavoro di preparazione del Bellaria Padel Brindisi che dal mese di marzo parteciper\u00e0 per la prima volta ed unica nel Sud Italia al campionato di serie A. Dopo le prime conferme arrivano quelle di Erika Zanchetta, giocatrice di assoluto talento capace di giocare sia a destra che a sinistra. La ragazza di Latna si \u00e8 distinta lo scorso anno per la sua duttilit\u00e0 e la grandissima esperienza internazionale che \u00e8 servita per portare a casa match importanti e delicati. La sua leadership unita al suo bagaglio tecnico torneranno utili in un torneo che si preannuncia molto competitivo. Oltre alla Zanchetta faranno parte della squadra anche le siciliane Marina Garsia e Francesca Pezzillo al loro terzo anno con la casacca del Bellaria. Molto amate ed apprezzate dai tifosi brindisini grazie al loro modo di giocare non lesinando mai energie e sempre pronte a sostenere le proprie compagne. \u201cSiamo veramente orgogliosi di aver confermato tutte le giocatrici della scorsa stagione, &#8211; dichiara soddisfatto il presidente Francesco Giorgino &#8211; in quanto&#8230;<\/p>\n","protected":false},"author":2,"featured_media":256465,"comment_status":"closed","ping_status":"closed","sticky":false,"template":"","format":"standard","meta":{"footnotes":""},"categories":[5971],"tags":[],"class_list":["post-256464","post","type-post","status-publish","format-standard","has-post-thumbnail","hentry","category-padel"],"_links":{"self":[{"href":"https:\/\/www.brundisium.net\/index.php\/wp-json\/wp\/v2\/posts\/256464","targetHints":{"allow":["GET"]}}],"collection":[{"href":"https:\/\/www.brundisium.net\/index.php\/wp-json\/wp\/v2\/posts"}],"about":[{"href":"https:\/\/www.brundisium.net\/index.php\/wp-json\/wp\/v2\/types\/post"}],"author":[{"embeddable":true,"href":"https:\/\/www.brundisium.net\/index.php\/wp-json\/wp\/v2\/users\/2"}],"replies":[{"embeddable":true,"href":"https:\/\/www.brundisium.net\/index.php\/wp-json\/wp\/v2\/comments?post=256464"}],"version-history":[{"count":1,"href":"https:\/\/www.brundisium.net\/index.php\/wp-json\/wp\/v2\/posts\/256464\/revisions"}],"predecessor-version":[{"id":256466,"href":"https:\/\/www.brundisium.net\/index.php\/wp-json\/wp\/v2\/posts\/256464\/revisions\/256466"}],"wp:featuredmedia":[{"embeddable":true,"href":"https:\/\/www.brundisium.net\/index.php\/wp-json\/wp\/v2\/media\/256465"}],"wp:attachment":[{"href":"https:\/\/www.brundisium.net\/index.php\/wp-json\/wp\/v2\/media?parent=256464"}],"wp:term":[{"taxonomy":"category","embeddable":true,"href":"https:\/\/www.brundisium.net\/index.php\/wp-json\/wp\/v2\/categories?post=256464"},{"taxonomy":"post_tag","embeddable":true,"href":"https:\/\/www.brundisium.net\/index.php\/wp-json\/wp\/v2\/tags?post=256464"}],"curies":[{"name":"wp","href":"https:\/\/api.w.org\/{rel}","templated":true}]}}