{"id":25679,"date":"2014-10-26T12:32:04","date_gmt":"2014-10-26T11:32:04","guid":{"rendered":"http:\/\/www.brundisium.net\/brun\/?p=25679"},"modified":"2014-10-26T12:32:04","modified_gmt":"2014-10-26T11:32:04","slug":"raffaella-argentieri-su-matera-capitale-europea-della-cultura-2019","status":"publish","type":"post","link":"https:\/\/www.brundisium.net\/index.php\/raffaella-argentieri-su-matera-capitale-europea-della-cultura-2019\/","title":{"rendered":"Raffaella Argentieri su &#8220;Matera, Capitale Europea della Cultura 2019&#8221;"},"content":{"rendered":"<p>\u201c Matera \u2013 Lecce 2019, parte il futuro comune, fonderemo team e progetti\u201d, con queste parole il Sindaco di Matera, Salvatore Adduce, apre alla citt\u00e0 di Lecce la possibilit\u00e0 di proseguire il cammino verso il 2019.<br \/>\nComplimenti al Sindaco di Matera, ha compreso pienamente il significato della manifestazione \u201cCapitale Europea della Cultura \u201c;<br \/>\ninfatti: il punto 3, della decisione del 2006 del Parlamento Europeo e del Consiglio dell\u2019Unione Europea, dice testualmente: \u201c consentendo alle citt\u00e0 di associare le loro regioni circostanti, comprese le isole, \u00e8 possibile raggiungere un pubblico pi\u00f9 vasto e amplificare l\u2019impatto della manifestazione \u201c;<br \/>\nil punto 2 dell\u2019art. 4, prosegue : \u201c il programma promuove la partecipazione degli abitanti della citt\u00e0 e del suo circondario e suscita il loro interesse, come pure quello dei cittadini proveniente dall\u2019estero \u201c.<br \/>\nNel Dossier \u201cLecce, Capitale Europea della Cultura 2019 \u201c, al quesito n\u00b0 4 \u2013 Qual \u00e8 il territorio che la citt\u00e0 intende coinvolgere nella manifestazione Capitale Europea della Cultura? Dare una spiegazione per questa scelta.<br \/>\nLa risposta \u00e8 la seguente, cito testualmente:\u201d Sotto la leadership di Lecce, l\u2019area geografica coinvolta nel progetto EcoC include anche Brindisi e le rispettive province di Lecce e Brindisi\u201d. (Sottolineo i termini sotto e anche&#8230;).<br \/>\nLe parole si commentano da sole, ho gi\u00e0 espresso nel lontano giugno 2013, il mio rammarico per la rinuncia di Brindisi a concorrere e proseguire la sfida intrapresa (prima citt\u00e0 in Puglia) nel 2009. Ho sperato che la rinuncia in favore di Lecce, potesse rappresentare finalmente le due province sullo stesso piano e a pari dignit\u00e0. Cos\u00ec non \u00e8 stato e mi dispiace molto per la Puglia.<br \/>\nE\u2019 stata designata MATERA, sono contenta per la citt\u00e0 e i cittadini dell\u2019intera regione Basilicata, cui va un grosso in bocca al lupo per il futuro.<br \/>\nPer comprendere appieno il significato di questa manifestazione sarebbe bastato guardare attentamente la bandiera dell\u2019Unione Europea e leggere le motivazioni per cui fu scelta: \u201c Sullo sfondo blu del cielo del Mondo occidentale, le stelle rappresentano i popoli dell\u2019Europa in un cerchio, simbolo di perfezione e unit\u00e0. Proprio come i dodici segni dello zodiaco rappresentano l\u2019intero universo, le dodici stelle d\u2019oro rappresentano tutti i popoli d\u2019Europa \u2013 compresi quelli che non possono ancora partecipare alla costruzione dell\u2019Europa nell\u2019unit\u00e0 e nella pace\u201d.<\/p>\n<p><strong>Raffaella Argentieri, Presidente Fondazione Tonino Di Giulio.<\/strong><\/p>\n","protected":false},"excerpt":{"rendered":"<p>\u201c Matera \u2013 Lecce 2019, parte il futuro comune, fonderemo team e progetti\u201d, con queste parole il Sindaco di Matera, Salvatore Adduce, apre alla citt\u00e0 di Lecce la possibilit\u00e0 di proseguire il cammino verso il 2019. Complimenti al Sindaco di Matera, ha compreso pienamente il significato della manifestazione \u201cCapitale Europea della Cultura \u201c; infatti: il punto 3, della decisione del 2006 del Parlamento Europeo e del Consiglio dell\u2019Unione Europea, dice testualmente: \u201c consentendo alle citt\u00e0 di associare le loro regioni circostanti, comprese le isole, \u00e8 possibile raggiungere un pubblico pi\u00f9 vasto e amplificare l\u2019impatto della manifestazione \u201c; il punto 2 dell\u2019art. 4, prosegue : \u201c il programma promuove la partecipazione degli abitanti della citt\u00e0 e del suo circondario e suscita il loro interesse, come pure quello dei cittadini proveniente dall\u2019estero \u201c. Nel Dossier \u201cLecce, Capitale Europea della Cultura 2019 \u201c, al quesito n\u00b0 4 \u2013 Qual \u00e8 il territorio che la citt\u00e0 intende coinvolgere nella manifestazione Capitale Europea della Cultura? Dare una spiegazione per questa scelta. La risposta \u00e8 la&#8230;<\/p>\n","protected":false},"author":2,"featured_media":25004,"comment_status":"open","ping_status":"closed","sticky":false,"template":"","format":"standard","meta":{"footnotes":""},"categories":[9],"tags":[2765],"class_list":["post-25679","post","type-post","status-publish","format-standard","has-post-thumbnail","hentry","category-interventi","tag-matera"],"_links":{"self":[{"href":"https:\/\/www.brundisium.net\/index.php\/wp-json\/wp\/v2\/posts\/25679","targetHints":{"allow":["GET"]}}],"collection":[{"href":"https:\/\/www.brundisium.net\/index.php\/wp-json\/wp\/v2\/posts"}],"about":[{"href":"https:\/\/www.brundisium.net\/index.php\/wp-json\/wp\/v2\/types\/post"}],"author":[{"embeddable":true,"href":"https:\/\/www.brundisium.net\/index.php\/wp-json\/wp\/v2\/users\/2"}],"replies":[{"embeddable":true,"href":"https:\/\/www.brundisium.net\/index.php\/wp-json\/wp\/v2\/comments?post=25679"}],"version-history":[{"count":0,"href":"https:\/\/www.brundisium.net\/index.php\/wp-json\/wp\/v2\/posts\/25679\/revisions"}],"wp:featuredmedia":[{"embeddable":true,"href":"https:\/\/www.brundisium.net\/index.php\/wp-json\/wp\/v2\/media\/25004"}],"wp:attachment":[{"href":"https:\/\/www.brundisium.net\/index.php\/wp-json\/wp\/v2\/media?parent=25679"}],"wp:term":[{"taxonomy":"category","embeddable":true,"href":"https:\/\/www.brundisium.net\/index.php\/wp-json\/wp\/v2\/categories?post=25679"},{"taxonomy":"post_tag","embeddable":true,"href":"https:\/\/www.brundisium.net\/index.php\/wp-json\/wp\/v2\/tags?post=25679"}],"curies":[{"name":"wp","href":"https:\/\/api.w.org\/{rel}","templated":true}]}}