{"id":258434,"date":"2026-03-05T15:22:00","date_gmt":"2026-03-05T14:22:00","guid":{"rendered":"https:\/\/www.brundisium.net\/?p=258434"},"modified":"2026-03-05T15:22:00","modified_gmt":"2026-03-05T14:22:00","slug":"il-12-marzo-alla-libreria-pupilla-possiamo-essere-tutto-identita-crescita-e-liberta-nella-graphic-novel-di-francesca-ceci","status":"publish","type":"post","link":"https:\/\/www.brundisium.net\/index.php\/il-12-marzo-alla-libreria-pupilla-possiamo-essere-tutto-identita-crescita-e-liberta-nella-graphic-novel-di-francesca-ceci\/","title":{"rendered":"Il 12 Marzo alla Libreria Pupilla \u201cPossiamo essere tutto\u201d: identit\u00e0, crescita e libert\u00e0 nella graphic novel di Francesca Ceci"},"content":{"rendered":"<p>Un racconto che parla ai ragazzi, ma che interpella anche gli adulti. \u00c8 questo lo spirito dell\u2019incontro dedicato alla presentazione e al firma-copie del libro \u201cPossiamo essere tutto\u201d, graphic novel realizzata da Francesca Ceci e Alessia Puleo e pubblicata da Tunu\u00e9, con il patrocinio di Amnesty International.<\/p>\n<p>L\u2019appuntamento \u00e8 in programma gioved\u00ec 12 marzo alle ore 18.00, presso la libreria Pupilla, in viale Commenda 36A, con ingresso libero. L\u2019incontro \u00e8 aperto a ragazze e ragazzi dagli 11 anni in su, oltre che agli adulti interessati ad approfondire un tema centrale del nostro tempo: la costruzione dell\u2019identit\u00e0 in una societ\u00e0 sempre pi\u00f9 plurale.<\/p>\n<p>Al centro della storia c\u2019\u00e8 la famiglia Fares, di origine marocchina e di religione islamica, che vive in Italia da molti anni. Il padre Salim, la madre Nur e i loro figli \u2013 Raja, Amal e il pi\u00f9 piccolo Hadi, nato a Roma \u2013 affrontano quotidianamente la sfida di tenere insieme due mondi culturali.<\/p>\n<p>In particolare, le sorelle Raja e Amal crescono sul filo sottile che unisce e allo stesso tempo separa la tradizione familiare e la realt\u00e0 in cui sono cresciute. Vivono l\u2019equilibrio instabile tra la cultura marocchina e quella italiana, tra la religione ricevuta e il desiderio di scegliere liberamente il proprio percorso. Intorno a loro si intrecciano amicizie, incomprensioni, stereotipi, paure, ma anche momenti di scoperta e vicinanza.<\/p>\n<p>La graphic novel affronta con sensibilit\u00e0 una domanda che riguarda tutti: cosa rende davvero ciascuno di noi quello che \u00e8?<\/p>\n<p>Quali parti della nostra identit\u00e0 siamo pronti a mostrare senza timore? Quali preferiamo nascondere per evitare diffidenza, esclusione o giudizio?<\/p>\n<p>Domande difficili anche per gli adulti, che diventano ancora pi\u00f9 complesse nel periodo della crescita, quando il desiderio di essere accettati spinge spesso a cercare modelli riconoscibili e socialmente \u201cnormali\u201d.<\/p>\n<p>Come ricorda una celebre frase del Dr. Seuss: \u00abSii chi tu sei e d\u00ec ci\u00f2 che senti, perch\u00e9 quelli a cui importa non contano, e quelli che contano non ci fanno caso\u00bb.<\/p>\n<p>L\u2019incontro con l\u2019autrice offrir\u00e0 l\u2019occasione per dialogare su identit\u00e0, libert\u00e0 personale, differenze culturali e diritti, temi che attraversano il libro e che riguardano da vicino le nuove generazioni. Un momento di confronto che, partendo dal linguaggio diretto della graphic novel, invita a riflettere sul valore della diversit\u00e0 e sulla possibilit\u00e0, per ciascuno, di essere davvero se stesso. &#x1f4da;&#x2728;<\/p>\n","protected":false},"excerpt":{"rendered":"<p>Un racconto che parla ai ragazzi, ma che interpella anche gli adulti. \u00c8 questo lo spirito dell\u2019incontro dedicato alla presentazione e al firma-copie del libro \u201cPossiamo essere tutto\u201d, graphic novel realizzata da Francesca Ceci e Alessia Puleo e pubblicata da Tunu\u00e9, con il patrocinio di Amnesty International. L\u2019appuntamento \u00e8 in programma gioved\u00ec 12 marzo alle ore 18.00, presso la libreria Pupilla, in viale Commenda 36A, con ingresso libero. L\u2019incontro \u00e8 aperto a ragazze e ragazzi dagli 11 anni in su, oltre che agli adulti interessati ad approfondire un tema centrale del nostro tempo: la costruzione dell\u2019identit\u00e0 in una societ\u00e0 sempre pi\u00f9 plurale. Al centro della storia c\u2019\u00e8 la famiglia Fares, di origine marocchina e di religione islamica, che vive in Italia da molti anni. Il padre Salim, la madre Nur e i loro figli \u2013 Raja, Amal e il pi\u00f9 piccolo Hadi, nato a Roma \u2013 affrontano quotidianamente la sfida di tenere insieme due mondi culturali. In particolare, le sorelle Raja e Amal crescono sul filo sottile che unisce e&#8230;<\/p>\n","protected":false},"author":2,"featured_media":258438,"comment_status":"closed","ping_status":"closed","sticky":false,"template":"","format":"standard","meta":{"footnotes":""},"categories":[224,7],"tags":[],"class_list":["post-258434","post","type-post","status-publish","format-standard","has-post-thumbnail","hentry","category-libri","category-news"],"_links":{"self":[{"href":"https:\/\/www.brundisium.net\/index.php\/wp-json\/wp\/v2\/posts\/258434","targetHints":{"allow":["GET"]}}],"collection":[{"href":"https:\/\/www.brundisium.net\/index.php\/wp-json\/wp\/v2\/posts"}],"about":[{"href":"https:\/\/www.brundisium.net\/index.php\/wp-json\/wp\/v2\/types\/post"}],"author":[{"embeddable":true,"href":"https:\/\/www.brundisium.net\/index.php\/wp-json\/wp\/v2\/users\/2"}],"replies":[{"embeddable":true,"href":"https:\/\/www.brundisium.net\/index.php\/wp-json\/wp\/v2\/comments?post=258434"}],"version-history":[{"count":1,"href":"https:\/\/www.brundisium.net\/index.php\/wp-json\/wp\/v2\/posts\/258434\/revisions"}],"predecessor-version":[{"id":258439,"href":"https:\/\/www.brundisium.net\/index.php\/wp-json\/wp\/v2\/posts\/258434\/revisions\/258439"}],"wp:featuredmedia":[{"embeddable":true,"href":"https:\/\/www.brundisium.net\/index.php\/wp-json\/wp\/v2\/media\/258438"}],"wp:attachment":[{"href":"https:\/\/www.brundisium.net\/index.php\/wp-json\/wp\/v2\/media?parent=258434"}],"wp:term":[{"taxonomy":"category","embeddable":true,"href":"https:\/\/www.brundisium.net\/index.php\/wp-json\/wp\/v2\/categories?post=258434"},{"taxonomy":"post_tag","embeddable":true,"href":"https:\/\/www.brundisium.net\/index.php\/wp-json\/wp\/v2\/tags?post=258434"}],"curies":[{"name":"wp","href":"https:\/\/api.w.org\/{rel}","templated":true}]}}