{"id":258682,"date":"2026-03-10T23:49:30","date_gmt":"2026-03-10T22:49:30","guid":{"rendered":"https:\/\/www.brundisium.net\/?p=258682"},"modified":"2026-03-11T11:03:25","modified_gmt":"2026-03-11T10:03:25","slug":"caliolo-uil-la-cittadella-della-ricerca-torni-ad-essere-motore-della-rinascita","status":"publish","type":"post","link":"https:\/\/www.brundisium.net\/index.php\/caliolo-uil-la-cittadella-della-ricerca-torni-ad-essere-motore-della-rinascita\/","title":{"rendered":"Caliolo (Uil): &#8220;la Cittadella della Ricerca torni ad essere motore della rinascita&#8221;"},"content":{"rendered":"<p>La UIL di Brindisi promuove in ogni occasione utile politiche di sistema, scelte strategiche capaci di incidere strutturalmente sul modello di sviluppo del territorio. Siamo da sempre convinti che la chiave per il futuro sia \u00abmettere in rete\u00bb competenze, infrastrutture, formazione e innovazione ed in questo senso a Brindisi vi \u00e8 un luogo fisico che da decenni rappresenta la \u00abcasa ideale\u00bb perch\u00e9 questo avvenga: il comprensorio della Cittadella della Ricerca, sulla Statale 7, un asset troppo a lungo sottovalutato.<\/p>\n<p>Sorta alla fine degli Anni Ottanta grazie alla lungimiranza delle Istituzioni Locali la Cittadella ha una lunga e travagliata storia che non deve rimanere un esperimento del passato ma diventare Piattaforma aperta per il futuro di Brindisi e dell\u2019intera area ionico-salentina. Nel Comprensorio operano ogni giorno realt\u00e0 di eccellenza come ENEA, CETMA e DTA e vi insistono il Corso di laurea in Ingegneria Industriale dell\u2019Universit\u00e0 del Salento e l\u2019ITS Aerospazio. Quotidianamente centinaia di ricercatori, tecnici e studenti animano la Cittadella costruendo innovazione, trasferimento tecnologico e nuove competenze con risultati e riconoscimenti internazionali. Eppure, a fronte di questo patrimonio e potenzialit\u00e0 straordinarie, la Cittadella versa in condizioni strutturali e gestionali inaccettabili. Chiunque la viva conosce bene a cosa ci riferiamo. Incuria ed abbandono inaccettabili per un asset strategico e decisivo.<br \/>\nLa UIL di Brindisi vuole riportare il tema al centro del dibattito pubblico. Crediamo con forza che il rilancio della Cittadella rappresenti una priorit\u00e0 per il tessuto economico e sociale del territorio. Il Comprensorio pu\u00f2 offrire una formazione tecnica e specialistica, connessa al mondo del lavoro, di qualit\u00e0 e capace di fare la differenza con molte altre aree del Sud e del Mediterraneo. La Transizione Industriale che Brindisi sta vivendo richiede un ecosistema dell\u2019innovazione capace di integrare ricerca, impresa e formazione permanente ed in questo senso la Cittadella pu\u00f2 concretamente diventare il fulcro di un Sistema Integrato che metta in assieme Universit\u00e0, ITS, Centri di Ricerca, Imprese Innovative, Porto, ZES e retroporto, valorizzando le nostre vocazioni Industriali, Logistiche e Aerospaziali.<\/p>\n<p>Ma tutto questo richiede una chiara, forte e coerente volont\u00e0 politica che ad oggi non vediamo.<br \/>\nCreare occupazione stabile e qualificata per i giovani, contrastare la fuga di cervelli, offrire percorsi formativi coerenti con le nuove filiere produttive. La Cittadella della Ricerca pu\u00f2 e deve diventare il simbolo di una Brindisi che non arretra, che non si rassegna, che sceglie di investire su conoscenza, competenze e innovazione come leve di emancipazione sociale.<\/p>\n<p>Dopo anni e decessi sprecati \u00e8 il momento della responsabilit\u00e0 collettiva. \u00c8 il tempo delle decisioni coraggiose. Non possiamo pi\u00f9 permetterci rinvii, n\u00e9 giochi di rimpallo tra istituzioni. La Cittadella non \u00e8 solo un complesso immobiliare da riqualificare: \u00e8 una promessa fatta a un\u2019intera generazione. Riattivarla significa restituire fiducia ai nostri giovani, attrarre investimenti, costruire sviluppo vero e duraturo. Come organizzazione sindacale saremo in prima linea affinch\u00e9 questa sfida diventi realt\u00e0. Perch\u00e9 il futuro di Brindisi passa da l\u00ec, dalla ricerca, dalla formazione, dal lavoro di qualit\u00e0. E quel futuro deve cominciare adesso.<\/p>\n<p>&nbsp;<\/p>\n<p><strong>Fabrizio Caliolo<br \/>\nCoordinatore Provinciale UIL Brindisi<\/strong><\/p>\n","protected":false},"excerpt":{"rendered":"<p>La UIL di Brindisi promuove in ogni occasione utile politiche di sistema, scelte strategiche capaci di incidere strutturalmente sul modello di sviluppo del territorio. Siamo da sempre convinti che la chiave per il futuro sia \u00abmettere in rete\u00bb competenze, infrastrutture, formazione e innovazione ed in questo senso a Brindisi vi \u00e8 un luogo fisico che da decenni rappresenta la \u00abcasa ideale\u00bb perch\u00e9 questo avvenga: il comprensorio della Cittadella della Ricerca, sulla Statale 7, un asset troppo a lungo sottovalutato. Sorta alla fine degli Anni Ottanta grazie alla lungimiranza delle Istituzioni Locali la Cittadella ha una lunga e travagliata storia che non deve rimanere un esperimento del passato ma diventare Piattaforma aperta per il futuro di Brindisi e dell\u2019intera area ionico-salentina. Nel Comprensorio operano ogni giorno realt\u00e0 di eccellenza come ENEA, CETMA e DTA e vi insistono il Corso di laurea in Ingegneria Industriale dell\u2019Universit\u00e0 del Salento e l\u2019ITS Aerospazio. Quotidianamente centinaia di ricercatori, tecnici e studenti animano la Cittadella costruendo innovazione, trasferimento tecnologico e nuove competenze con risultati e riconoscimenti&#8230;<\/p>\n","protected":false},"author":2,"featured_media":71274,"comment_status":"closed","ping_status":"closed","sticky":false,"template":"","format":"standard","meta":{"footnotes":""},"categories":[7],"tags":[],"class_list":["post-258682","post","type-post","status-publish","format-standard","has-post-thumbnail","hentry","category-news"],"_links":{"self":[{"href":"https:\/\/www.brundisium.net\/index.php\/wp-json\/wp\/v2\/posts\/258682","targetHints":{"allow":["GET"]}}],"collection":[{"href":"https:\/\/www.brundisium.net\/index.php\/wp-json\/wp\/v2\/posts"}],"about":[{"href":"https:\/\/www.brundisium.net\/index.php\/wp-json\/wp\/v2\/types\/post"}],"author":[{"embeddable":true,"href":"https:\/\/www.brundisium.net\/index.php\/wp-json\/wp\/v2\/users\/2"}],"replies":[{"embeddable":true,"href":"https:\/\/www.brundisium.net\/index.php\/wp-json\/wp\/v2\/comments?post=258682"}],"version-history":[{"count":1,"href":"https:\/\/www.brundisium.net\/index.php\/wp-json\/wp\/v2\/posts\/258682\/revisions"}],"predecessor-version":[{"id":258692,"href":"https:\/\/www.brundisium.net\/index.php\/wp-json\/wp\/v2\/posts\/258682\/revisions\/258692"}],"wp:featuredmedia":[{"embeddable":true,"href":"https:\/\/www.brundisium.net\/index.php\/wp-json\/wp\/v2\/media\/71274"}],"wp:attachment":[{"href":"https:\/\/www.brundisium.net\/index.php\/wp-json\/wp\/v2\/media?parent=258682"}],"wp:term":[{"taxonomy":"category","embeddable":true,"href":"https:\/\/www.brundisium.net\/index.php\/wp-json\/wp\/v2\/categories?post=258682"},{"taxonomy":"post_tag","embeddable":true,"href":"https:\/\/www.brundisium.net\/index.php\/wp-json\/wp\/v2\/tags?post=258682"}],"curies":[{"name":"wp","href":"https:\/\/api.w.org\/{rel}","templated":true}]}}