{"id":258695,"date":"2026-03-11T11:19:23","date_gmt":"2026-03-11T10:19:23","guid":{"rendered":"https:\/\/www.brundisium.net\/?p=258695"},"modified":"2026-03-11T11:19:23","modified_gmt":"2026-03-11T10:19:23","slug":"futuro-nazionale-venerdi-13-marzo-la-prima-assemblea-del-comitato-costituente-territoriale","status":"publish","type":"post","link":"https:\/\/www.brundisium.net\/index.php\/futuro-nazionale-venerdi-13-marzo-la-prima-assemblea-del-comitato-costituente-territoriale\/","title":{"rendered":"Futuro Nazionale: venerd\u00ec 13 Marzo la prima assemblea del Comitato Costituente Territoriale"},"content":{"rendered":"<p>Venerd\u00ec 13 marzo alle ore 19:00, presso il Grande Albergo Internazionale di Brindisi (viale Regina Margherita 23), si terr\u00e0 la prima assemblea del Comitato Costituente Territoriale di Futuro Nazionale.<br \/>\nL\u2019iniziativa segna un importante momento di partecipazione e organizzazione sul territorio per il movimento legato al generale Roberto Vannacci.<br \/>\nAll\u2019incontro interverranno Cristiano Romani, Giovanni Nucci, Adriana Ciciriello e l\u2019onorevole Rossano Sasso, deputato della Repubblica.<br \/>\nL\u2019assemblea sar\u00e0 aperta a cittadini, simpatizzanti e a tutti coloro che intendono contribuire alla costruzione e al radicamento di Futuro Nazionale sul territorio brindisino.<\/p>\n","protected":false},"excerpt":{"rendered":"<p>Venerd\u00ec 13 marzo alle ore 19:00, presso il Grande Albergo Internazionale di Brindisi (viale Regina Margherita 23), si terr\u00e0 la prima assemblea del Comitato Costituente Territoriale di Futuro Nazionale. L\u2019iniziativa segna un importante momento di partecipazione e organizzazione sul territorio per il movimento legato al generale Roberto Vannacci. All\u2019incontro interverranno Cristiano Romani, Giovanni Nucci, Adriana Ciciriello e l\u2019onorevole Rossano Sasso, deputato della Repubblica. L\u2019assemblea sar\u00e0 aperta a cittadini, simpatizzanti e a tutti coloro che intendono contribuire alla costruzione e al radicamento di Futuro Nazionale sul territorio brindisino.<\/p>\n","protected":false},"author":2,"featured_media":258696,"comment_status":"closed","ping_status":"closed","sticky":false,"template":"","format":"standard","meta":{"footnotes":""},"categories":[7],"tags":[],"class_list":["post-258695","post","type-post","status-publish","format-standard","has-post-thumbnail","hentry","category-news"],"_links":{"self":[{"href":"https:\/\/www.brundisium.net\/index.php\/wp-json\/wp\/v2\/posts\/258695","targetHints":{"allow":["GET"]}}],"collection":[{"href":"https:\/\/www.brundisium.net\/index.php\/wp-json\/wp\/v2\/posts"}],"about":[{"href":"https:\/\/www.brundisium.net\/index.php\/wp-json\/wp\/v2\/types\/post"}],"author":[{"embeddable":true,"href":"https:\/\/www.brundisium.net\/index.php\/wp-json\/wp\/v2\/users\/2"}],"replies":[{"embeddable":true,"href":"https:\/\/www.brundisium.net\/index.php\/wp-json\/wp\/v2\/comments?post=258695"}],"version-history":[{"count":1,"href":"https:\/\/www.brundisium.net\/index.php\/wp-json\/wp\/v2\/posts\/258695\/revisions"}],"predecessor-version":[{"id":258697,"href":"https:\/\/www.brundisium.net\/index.php\/wp-json\/wp\/v2\/posts\/258695\/revisions\/258697"}],"wp:featuredmedia":[{"embeddable":true,"href":"https:\/\/www.brundisium.net\/index.php\/wp-json\/wp\/v2\/media\/258696"}],"wp:attachment":[{"href":"https:\/\/www.brundisium.net\/index.php\/wp-json\/wp\/v2\/media?parent=258695"}],"wp:term":[{"taxonomy":"category","embeddable":true,"href":"https:\/\/www.brundisium.net\/index.php\/wp-json\/wp\/v2\/categories?post=258695"},{"taxonomy":"post_tag","embeddable":true,"href":"https:\/\/www.brundisium.net\/index.php\/wp-json\/wp\/v2\/tags?post=258695"}],"curies":[{"name":"wp","href":"https:\/\/api.w.org\/{rel}","templated":true}]}}