{"id":258868,"date":"2026-03-14T16:40:54","date_gmt":"2026-03-14T15:40:54","guid":{"rendered":"https:\/\/www.brundisium.net\/?p=258868"},"modified":"2026-03-14T16:40:54","modified_gmt":"2026-03-14T15:40:54","slug":"spopolamento-giovanile-a-villa-castelli-una-questione-non-piu-rinviabile-per-il-futuro-della-comunita-di-francesco-suma","status":"publish","type":"post","link":"https:\/\/www.brundisium.net\/index.php\/spopolamento-giovanile-a-villa-castelli-una-questione-non-piu-rinviabile-per-il-futuro-della-comunita-di-francesco-suma\/","title":{"rendered":"Spopolamento giovanile a Villa Castelli, una questione non pi\u00f9 rinviabile per il futuro della comunit\u00e0. Di Francesco Suma"},"content":{"rendered":"<p><em>Riceviamo e pubblichiamo integralmente un intervento dell&#8217;Ing. Francesco Suma <\/em><\/p>\n<p>&nbsp;<\/p>\n<p>Gentile Direttore,<br \/>\na Villa Castelli il dibattito pubblico si concentra spesso su elezioni, scenari e prospettive personali.<\/p>\n<p>\u00c8 legittimo. Ma c\u2019\u00e8 una questione che viene prima di ogni ambizione politica: il futuro demografico e sociale del nostro paese.<br \/>\nIl progressivo allontanamento dei giovani non riguarda solo chi cambia residenza per lavoro o studio. \u00c8 un processo silenzioso e preoccupante. Sempre pi\u00f9 ragazzi scelgono di costruire altrove le proprie relazioni, di frequentare altri paesi, di cercare fuori opportunit\u00e0 di crescita e svago.<\/p>\n<p>Questo accade gi\u00e0 dai primi anni di scuola superiore. Quando un giovane smette di sentirsi parte della propria comunit\u00e0, lo spopolamento \u00e8 gi\u00e0 iniziato.<\/p>\n<p>Non possiamo limitarci a registrare il problema. Dobbiamo affrontarlo con strumenti concreti e con una visione chiara.<\/p>\n<p>Per questo propongo un progetto integrato per i giovani, articolato su tre azioni collegate:<\/p>\n<p>\u2013 Istituzione del Forum Under 30, che diventa il soggetto centrale per la partecipazione giovanile, coordinando le attivit\u00e0 e permettendo ai giovani di partecipare in modo strutturato alle scelte amministrative, con incontri periodici e possibilit\u00e0 di avanzare proposte concrete.<\/p>\n<p>\u2013 Creazione di un hub per giovani e innovazione locale, affidato al Forum Under 30, recuperando un immobile comunale inutilizzato o un parco oggi in stato di abbandono \u2014 come quello intitolato a Giandomenico Caramia. Lo spazio sar\u00e0 gestito dal Forum e trasformato in un luogo attivo per studio, coworking, laboratori, progettazione culturale e incontri. Non un evento occasionale, ma un presidio stabile, responsabile e restituito alla comunit\u00e0.<\/p>\n<p>\u2013 Fondo comunale per micro-progetti giovanili, destinato a sostenere iniziative promosse dal Forum, dai laboratori agli eventi culturali, dall\u2019imprenditoria alla creativit\u00e0.<\/p>\n<p>Non parliamo di grandi opere, ma di scelte precise e misurabili. Realt\u00e0 simili alla nostra hanno gi\u00e0 dimostrato che invertire la tendenza \u00e8 possibile quando si investe su partecipazione, responsabilit\u00e0 e strumenti concreti.<\/p>\n<p>Villa Castelli non pu\u00f2 permettersi di perdere un\u2019altra generazione. Non pu\u00f2 diventare un paese che invecchia mentre discute di equilibri politici. La politica locale non \u00e8 un trampolino: \u00e8 un impegno verso la comunit\u00e0. Il primo dovere di chi amministra \u2014 o aspira ad amministrare \u2014 \u00e8 costruire le condizioni perch\u00e9 i giovani scelgano di restare.<\/p>\n<p>Nei prossimi giorni mi far\u00f2 promotore di un confronto con i rappresentanti istituzionali disponibili e con i consiglieri di opposizione, affinch\u00e9 queste proposte possano tradursi in atti concreti e portate in Consiglio comunale.<\/p>\n<p>Il futuro di Villa Castelli non si difende con le parole, ma con decisioni coraggiose. \u00c8 il momento di prenderle.<\/p>\n<p>Cordiali saluti,<br \/>\nIng. Francesco Suma<\/p>\n","protected":false},"excerpt":{"rendered":"<p>Riceviamo e pubblichiamo integralmente un intervento dell&#8217;Ing. Francesco Suma &nbsp; Gentile Direttore, a Villa Castelli il dibattito pubblico si concentra spesso su elezioni, scenari e prospettive personali. \u00c8 legittimo. Ma c\u2019\u00e8 una questione che viene prima di ogni ambizione politica: il futuro demografico e sociale del nostro paese. Il progressivo allontanamento dei giovani non riguarda solo chi cambia residenza per lavoro o studio. \u00c8 un processo silenzioso e preoccupante. Sempre pi\u00f9 ragazzi scelgono di costruire altrove le proprie relazioni, di frequentare altri paesi, di cercare fuori opportunit\u00e0 di crescita e svago. Questo accade gi\u00e0 dai primi anni di scuola superiore. Quando un giovane smette di sentirsi parte della propria comunit\u00e0, lo spopolamento \u00e8 gi\u00e0 iniziato. Non possiamo limitarci a registrare il problema. Dobbiamo affrontarlo con strumenti concreti e con una visione chiara. Per questo propongo un progetto integrato per i giovani, articolato su tre azioni collegate: \u2013 Istituzione del Forum Under 30, che diventa il soggetto centrale per la partecipazione giovanile, coordinando le attivit\u00e0 e permettendo ai giovani di partecipare&#8230;<\/p>\n","protected":false},"author":2,"featured_media":258869,"comment_status":"closed","ping_status":"closed","sticky":false,"template":"","format":"standard","meta":{"footnotes":""},"categories":[9,7],"tags":[],"class_list":["post-258868","post","type-post","status-publish","format-standard","has-post-thumbnail","hentry","category-interventi","category-news"],"_links":{"self":[{"href":"https:\/\/www.brundisium.net\/index.php\/wp-json\/wp\/v2\/posts\/258868","targetHints":{"allow":["GET"]}}],"collection":[{"href":"https:\/\/www.brundisium.net\/index.php\/wp-json\/wp\/v2\/posts"}],"about":[{"href":"https:\/\/www.brundisium.net\/index.php\/wp-json\/wp\/v2\/types\/post"}],"author":[{"embeddable":true,"href":"https:\/\/www.brundisium.net\/index.php\/wp-json\/wp\/v2\/users\/2"}],"replies":[{"embeddable":true,"href":"https:\/\/www.brundisium.net\/index.php\/wp-json\/wp\/v2\/comments?post=258868"}],"version-history":[{"count":1,"href":"https:\/\/www.brundisium.net\/index.php\/wp-json\/wp\/v2\/posts\/258868\/revisions"}],"predecessor-version":[{"id":258870,"href":"https:\/\/www.brundisium.net\/index.php\/wp-json\/wp\/v2\/posts\/258868\/revisions\/258870"}],"wp:featuredmedia":[{"embeddable":true,"href":"https:\/\/www.brundisium.net\/index.php\/wp-json\/wp\/v2\/media\/258869"}],"wp:attachment":[{"href":"https:\/\/www.brundisium.net\/index.php\/wp-json\/wp\/v2\/media?parent=258868"}],"wp:term":[{"taxonomy":"category","embeddable":true,"href":"https:\/\/www.brundisium.net\/index.php\/wp-json\/wp\/v2\/categories?post=258868"},{"taxonomy":"post_tag","embeddable":true,"href":"https:\/\/www.brundisium.net\/index.php\/wp-json\/wp\/v2\/tags?post=258868"}],"curies":[{"name":"wp","href":"https:\/\/api.w.org\/{rel}","templated":true}]}}