{"id":260750,"date":"2026-04-25T11:57:13","date_gmt":"2026-04-25T09:57:13","guid":{"rendered":"https:\/\/www.brundisium.net\/?p=260750"},"modified":"2026-04-26T12:01:28","modified_gmt":"2026-04-26T10:01:28","slug":"brindisi-celebra-l81-anniversario-della-liberazione-tra-memoria-partecipazione-e-impegno-civile","status":"publish","type":"post","link":"https:\/\/www.brundisium.net\/index.php\/brindisi-celebra-l81-anniversario-della-liberazione-tra-memoria-partecipazione-e-impegno-civile\/","title":{"rendered":"Brindisi celebra l\u201981\u00b0 Anniversario della Liberazione tra memoria, partecipazione e impegno civile"},"content":{"rendered":"<p>Brindisi ha celebrato questa mattina l\u201981\u00b0 anniversario della Liberazione d\u2019Italia con una cerimonia partecipata e solenne in Piazza Santa Teresa, promossa dalla Prefettura in collaborazione con il Comune e la Brigata Marina San Marco. Un momento condiviso che ha visto la presenza delle autorit\u00e0 civili e militari, delle associazioni combattentistiche e d\u2019Arma, dei sindaci della provincia e di numerosi cittadini.<\/p>\n<p>A caratterizzare la giornata \u00e8 stata soprattutto la forte presenza dei giovani: studenti provenienti da diversi istituti del territorio \u2013 dai comprensivi \u201cCappuccini\u201d e \u201cBozzano Centro\u201d agli istituti superiori \u201cPertini\u201d e \u201cGiorgi\u201d, fino al CPIA \u201cLorenzetto\u201d e ai rappresentanti della Consulta provinciale \u2013 hanno riempito la piazza, dando alla ricorrenza un segno concreto di continuit\u00e0 tra memoria storica e nuove generazioni.<\/p>\n<p>La cerimonia si \u00e8 aperta con il passaggio in rassegna dei reparti militari e dei Corpi dello Stato da parte del prefetto Guido Aprea. A seguire, l\u2019alzabandiera sulle note dell\u2019Inno nazionale e la deposizione della corona d\u2019alloro al Monumento ai Caduti hanno scandito i momenti pi\u00f9 solenni.<\/p>\n<p>Nel suo intervento, il prefetto Aprea ha richiamato il valore profondo del 25 aprile come fondamento della democrazia repubblicana, sottolineando la necessit\u00e0 di un impegno quotidiano nella difesa di libert\u00e0, legalit\u00e0 e convivenza civile. Un messaggio rivolto in particolare ai giovani, invitati a farsi interpreti attivi dei valori per i quali le generazioni precedenti hanno combattuto.<\/p>\n<p>Il sindaco di Brindisi, Giuseppe Marchionna, ha posto l\u2019accento sul significato attuale della Liberazione, ricordando il monito del Presidente della Repubblica contro ogni forma di sopraffazione e deriva totalitaria. Libert\u00e0, giustizia, pace e democrazia \u2013 ha evidenziato \u2013 restano i pilastri su cui si fonda la Repubblica e rappresentano un patrimonio da custodire e trasmettere. Il primo cittadino ha richiamato anche il contesto internazionale segnato da conflitti, ribadendo l\u2019urgenza di difendere i valori costituzionali e il ripudio della guerra.<\/p>\n<p>Alla cerimonia ha preso parte anche il presidente del Consiglio regionale della Puglia, Toni Matarrelli, che ha sottolineato il ruolo simbolico di Brindisi nella storia nazionale: citt\u00e0 capace di rappresentare un punto di ripartenza per il Paese. Matarrelli ha definito la libert\u00e0 un bene da custodire ogni giorno attraverso l\u2019impegno civile, indicando nella Puglia un possibile \u201cponte di pace nel Mediterraneo\u201d in un tempo segnato da tensioni e conflitti.<\/p>\n<p>Una celebrazione intensa e partecipata, che ha tenuto insieme memoria e presente, affidando alle nuove generazioni il compito di dare continuit\u00e0 ai valori della Resistenza e della Costituzione.<\/p>\n","protected":false},"excerpt":{"rendered":"<p>Brindisi ha celebrato questa mattina l\u201981\u00b0 anniversario della Liberazione d\u2019Italia con una cerimonia partecipata e solenne in Piazza Santa Teresa, promossa dalla Prefettura in collaborazione con il Comune e la Brigata Marina San Marco. Un momento condiviso che ha visto la presenza delle autorit\u00e0 civili e militari, delle associazioni combattentistiche e d\u2019Arma, dei sindaci della provincia e di numerosi cittadini. A caratterizzare la giornata \u00e8 stata soprattutto la forte presenza dei giovani: studenti provenienti da diversi istituti del territorio \u2013 dai comprensivi \u201cCappuccini\u201d e \u201cBozzano Centro\u201d agli istituti superiori \u201cPertini\u201d e \u201cGiorgi\u201d, fino al CPIA \u201cLorenzetto\u201d e ai rappresentanti della Consulta provinciale \u2013 hanno riempito la piazza, dando alla ricorrenza un segno concreto di continuit\u00e0 tra memoria storica e nuove generazioni. La cerimonia si \u00e8 aperta con il passaggio in rassegna dei reparti militari e dei Corpi dello Stato da parte del prefetto Guido Aprea. A seguire, l\u2019alzabandiera sulle note dell\u2019Inno nazionale e la deposizione della corona d\u2019alloro al Monumento ai Caduti hanno scandito i momenti pi\u00f9 solenni. Nel suo&#8230;<\/p>\n","protected":false},"author":2,"featured_media":260758,"comment_status":"closed","ping_status":"closed","sticky":false,"template":"","format":"standard","meta":{"footnotes":""},"categories":[7],"tags":[],"class_list":["post-260750","post","type-post","status-publish","format-standard","has-post-thumbnail","hentry","category-news"],"_links":{"self":[{"href":"https:\/\/www.brundisium.net\/index.php\/wp-json\/wp\/v2\/posts\/260750","targetHints":{"allow":["GET"]}}],"collection":[{"href":"https:\/\/www.brundisium.net\/index.php\/wp-json\/wp\/v2\/posts"}],"about":[{"href":"https:\/\/www.brundisium.net\/index.php\/wp-json\/wp\/v2\/types\/post"}],"author":[{"embeddable":true,"href":"https:\/\/www.brundisium.net\/index.php\/wp-json\/wp\/v2\/users\/2"}],"replies":[{"embeddable":true,"href":"https:\/\/www.brundisium.net\/index.php\/wp-json\/wp\/v2\/comments?post=260750"}],"version-history":[{"count":1,"href":"https:\/\/www.brundisium.net\/index.php\/wp-json\/wp\/v2\/posts\/260750\/revisions"}],"predecessor-version":[{"id":260759,"href":"https:\/\/www.brundisium.net\/index.php\/wp-json\/wp\/v2\/posts\/260750\/revisions\/260759"}],"wp:featuredmedia":[{"embeddable":true,"href":"https:\/\/www.brundisium.net\/index.php\/wp-json\/wp\/v2\/media\/260758"}],"wp:attachment":[{"href":"https:\/\/www.brundisium.net\/index.php\/wp-json\/wp\/v2\/media?parent=260750"}],"wp:term":[{"taxonomy":"category","embeddable":true,"href":"https:\/\/www.brundisium.net\/index.php\/wp-json\/wp\/v2\/categories?post=260750"},{"taxonomy":"post_tag","embeddable":true,"href":"https:\/\/www.brundisium.net\/index.php\/wp-json\/wp\/v2\/tags?post=260750"}],"curies":[{"name":"wp","href":"https:\/\/api.w.org\/{rel}","templated":true}]}}