{"id":260760,"date":"2026-04-26T12:01:48","date_gmt":"2026-04-26T10:01:48","guid":{"rendered":"https:\/\/www.brundisium.net\/?p=260760"},"modified":"2026-04-26T12:01:48","modified_gmt":"2026-04-26T10:01:48","slug":"il-peggio-per-questa-citta-di-vincenzo-albano","status":"publish","type":"post","link":"https:\/\/www.brundisium.net\/index.php\/il-peggio-per-questa-citta-di-vincenzo-albano\/","title":{"rendered":"Il peggio per questa citt\u00e0. Di Vincenzo Albano"},"content":{"rendered":"<p>Lasciare crescere le erbacce per lungo tempo nei giardini comunali, nelle strade, sui marciapiedi, senza intervenire nonostante le tante sollecitazioni dei cittadini?<\/p>\n<p>Oppure provvedere, anche se in notevole ritardo, allo sfalcio dell&#8217;erba lasciando poi tutta l&#8217;erba sfalciata , per tanto, tanto, troppo tempo, a marcire nei giardini, sull&#8217;asfalto, sui marciapiedi, rendendoli scivolosi, e quindi pericolosi, in caso di pioggia o facendo spargere dal vento dappertutto l&#8217;erba sfalciata, come \u00e8 accaduto in questi giorni?<\/p>\n<p>Credo che porsi questi quesiti sia completamente sbagliato, non ci porta da nessuna parte, perch\u00e8 ci distoglie dalla vera causa del problema, perch\u00e8 il peggio si trova nella nostra amministrazione comunale, nella inadeguatezza del Sindaco, degli assessori e della sua maggioranza, che in questi anni, quasi mummificati, non hanno saputo o voluto leggere e intervenire per risolvere i veri problemi di questa citt\u00e0 e dei suoi cittadini. Anche perch\u00e8 ogni anno ci presentano le stesse inefficienze, le stesse assenze..<\/p>\n<p>Infatti , nei giorni scorsi, uscendo dal letargo in cui era sprofondata, dopo molti mesi di completo disinteresse per le tante erbacce che erano cresciute indisturbate nelle strade e nei marciapiedi del quartiere S. Paolo, finalmente si sono determinati a fare qualcosa, cominciando ad eliminarle da via Cellie, via Aniene ed altre strade del quartiere.<\/p>\n<p>Forse per non farci illudere troppo e a non farci mancare niente in termini di degrado, dopo lo sfalcio hanno lasciato sul posto gran parte delle sterpaglie eliminate, che dovevano essere immediatamente raccolte.<\/p>\n<p>Un problema che crediamo sia necessario risolvere immediatamente, non solo perch\u00e8 la situazione sta causando problemi, in quanto il vento ha gi\u00e0 provveduto a spargerle sulla strada e sui marciapiedi, ma anche perch\u00e8 potrebbe costituire un pericolo per i cittadini nel caso venisse bagnata, in quanto renderebbe scivolosa la pavimentazione.<\/p>\n<p>Nondimeno siamo fiduciosi, che si possa intervenire in tempi brevi.<\/p>\n<p>Rimane solo la disperata, illusoria speranza che l&#8217; Amministrazione possa finalmente recuperare le responsabilit\u00e0 del proprio ruolo, obbligando la societ\u00e0 ad adempiere a quanto previsto, restituendo ai cittadini il loro diritto a vivere in luoghi urbani, che offrano un dignitoso decoro igenico e estetico,lontani da ogni situazione di pericolo.<\/p>\n<p>Speriamo.<\/p>\n<p><em><strong>Vincenzo Albano<\/strong><\/em><br \/>\n<em><strong>Brindisi, 25 aprile 2026<\/strong><\/em><\/p>\n<p>&nbsp;<\/p>\n<p>P.S.: Bisogna ammettere che non \u00e8 facile per una Amministrazione Comunale, un sindaco e una giunta mantenere, con tanta determinazione, l\u2019impegno al disimpegno.<\/p>\n","protected":false},"excerpt":{"rendered":"<p>Lasciare crescere le erbacce per lungo tempo nei giardini comunali, nelle strade, sui marciapiedi, senza intervenire nonostante le tante sollecitazioni dei cittadini? Oppure provvedere, anche se in notevole ritardo, allo sfalcio dell&#8217;erba lasciando poi tutta l&#8217;erba sfalciata , per tanto, tanto, troppo tempo, a marcire nei giardini, sull&#8217;asfalto, sui marciapiedi, rendendoli scivolosi, e quindi pericolosi, in caso di pioggia o facendo spargere dal vento dappertutto l&#8217;erba sfalciata, come \u00e8 accaduto in questi giorni? Credo che porsi questi quesiti sia completamente sbagliato, non ci porta da nessuna parte, perch\u00e8 ci distoglie dalla vera causa del problema, perch\u00e8 il peggio si trova nella nostra amministrazione comunale, nella inadeguatezza del Sindaco, degli assessori e della sua maggioranza, che in questi anni, quasi mummificati, non hanno saputo o voluto leggere e intervenire per risolvere i veri problemi di questa citt\u00e0 e dei suoi cittadini. Anche perch\u00e8 ogni anno ci presentano le stesse inefficienze, le stesse assenze.. Infatti , nei giorni scorsi, uscendo dal letargo in cui era sprofondata, dopo molti mesi di completo disinteresse&#8230;<\/p>\n","protected":false},"author":2,"featured_media":260761,"comment_status":"closed","ping_status":"closed","sticky":false,"template":"","format":"standard","meta":{"footnotes":""},"categories":[9],"tags":[],"class_list":["post-260760","post","type-post","status-publish","format-standard","has-post-thumbnail","hentry","category-interventi"],"_links":{"self":[{"href":"https:\/\/www.brundisium.net\/index.php\/wp-json\/wp\/v2\/posts\/260760","targetHints":{"allow":["GET"]}}],"collection":[{"href":"https:\/\/www.brundisium.net\/index.php\/wp-json\/wp\/v2\/posts"}],"about":[{"href":"https:\/\/www.brundisium.net\/index.php\/wp-json\/wp\/v2\/types\/post"}],"author":[{"embeddable":true,"href":"https:\/\/www.brundisium.net\/index.php\/wp-json\/wp\/v2\/users\/2"}],"replies":[{"embeddable":true,"href":"https:\/\/www.brundisium.net\/index.php\/wp-json\/wp\/v2\/comments?post=260760"}],"version-history":[{"count":1,"href":"https:\/\/www.brundisium.net\/index.php\/wp-json\/wp\/v2\/posts\/260760\/revisions"}],"predecessor-version":[{"id":260762,"href":"https:\/\/www.brundisium.net\/index.php\/wp-json\/wp\/v2\/posts\/260760\/revisions\/260762"}],"wp:featuredmedia":[{"embeddable":true,"href":"https:\/\/www.brundisium.net\/index.php\/wp-json\/wp\/v2\/media\/260761"}],"wp:attachment":[{"href":"https:\/\/www.brundisium.net\/index.php\/wp-json\/wp\/v2\/media?parent=260760"}],"wp:term":[{"taxonomy":"category","embeddable":true,"href":"https:\/\/www.brundisium.net\/index.php\/wp-json\/wp\/v2\/categories?post=260760"},{"taxonomy":"post_tag","embeddable":true,"href":"https:\/\/www.brundisium.net\/index.php\/wp-json\/wp\/v2\/tags?post=260760"}],"curies":[{"name":"wp","href":"https:\/\/api.w.org\/{rel}","templated":true}]}}