{"id":260793,"date":"2026-04-27T18:55:50","date_gmt":"2026-04-27T16:55:50","guid":{"rendered":"https:\/\/www.brundisium.net\/?p=260793"},"modified":"2026-04-27T18:55:50","modified_gmt":"2026-04-27T16:55:50","slug":"presentato-il-quaderno-brindisi-navigare-il-futuro-il-sindaco-marchionna-cambiare-la-narrazione-di-questa-citta-e-per-farlo-bisogna-essere-comunita","status":"publish","type":"post","link":"https:\/\/www.brundisium.net\/index.php\/presentato-il-quaderno-brindisi-navigare-il-futuro-il-sindaco-marchionna-cambiare-la-narrazione-di-questa-citta-e-per-farlo-bisogna-essere-comunita\/","title":{"rendered":"Presentato il Quaderno \u201cBrindisi Navigare il Futuro\u201d: il sindaco Marchionna: \u201cCambiare  la narrazione di questa citt\u00e0 e per farlo bisogna essere comunit\u00e0\u201d"},"content":{"rendered":"<p><em>\u201cLa necessit\u00e0 che faccio presente a tutti i cittadini di Brindisi \u00e8 che cambi la narrazione di questa citt\u00e0: non \u00e8 vero che siamo una citt\u00e0 in crisi; non \u00e8 vero che siamo una citt\u00e0, che non ha nulla da dire: noi pensiamo di avere moltissimo da dire, ma per fare questo bisogna essere comunit\u00e0. Bisogna remare tutti nella stessa direzione, evitando polemiche sterili e inutili e soprattutto traguardando l\u2019obiettivo fondamentale di un nuovo ciclo di sviluppo. Esso in questa citt\u00e0 \u00e8 possibile, abbandonando le fonti fossili e abbracciando le fonti rinnovabili, riuscendo a fare delle periferie un momento di vita sociale e di comunit\u00e0 dell\u2019intera citt\u00e0. Lo dico perch\u00e9 il centro e le periferie sono, tutte insieme, la citt\u00e0 di Brindisi\u201d.<\/em> Con queste riflessioni il sindaco di Brindisi, Giuseppe Marchionna, ha concluso il suo intervento alla presentazione del Quaderno \u201cNavigare il futuro\u201d, primo della collana editoriale \u201cI Quaderni dell\u2019Osservatorio sulle Citt\u00e0\u201d, attivato da Ugl e presentato questa mattina nel Nuovo Teatro Verdi alla presenza delle autorit\u00e0 civili e militari della Citt\u00e0 e di circa 700 studenti delle ultime classi delle scuole superiori del capoluogo, quale coinvolgimento delle nuove generazioni in una riflessione sul futuro del territorio brindisino, sulle opportunit\u00e0 di sviluppo e sul ruolo delle comunit\u00e0 locali nei processi di crescita.<\/p>\n<p>All\u2019incontro, moderato dal giornalista e responsabile della comunicazione del Nuovo Teatro Verdi, Roberto Romeo, sono intervenuti il segretario generale UGL, Paolo Capone, e Ada Fichera, direttore editoriale di Pagine Libere e curatrice della collana \u201cQuaderni dell\u2019Osservatorio sulle Citt\u00e0 UGL\u201d con l\u2019uditorio che si \u00e8 giovato degli interventi del prefetto di Brindisi, Guido Aprea e dell\u2019on. Mauro D\u2019Attis, vicepresidente della Commissione parlamentare antimafia e parlamentare del territorio.<\/p>\n<p>Il sindaco, nella sua ampia relazione, ha offerto una visione di Brindisi, che si declina su due grandi direttrici <em>\u201cla prima \u00e8 quella della rigenerazione materiale della citt\u00e0, che deve ricucire le ferite e le tante privazioni che Brindisi ha subito nel corso dei decenni; ferite che hanno subito le periferie urbane di questa citt\u00e0, che intendiamo invece riconnettere direttamente col centro\u201d<\/em>, ha aggiunto Marchionna. <em>\u201cAlla rigenerazione materiale<\/em> \u2013 ha ripreso il sindaco &#8211; <em>si somma una sorta di rigenerazione immateriale, perch\u00e9 noi pensiamo che sia determinante l\u2019aspetto culturale, che sottende alla creazione di una comunit\u00e0. E siamo gi\u00e0 a buon punto \u2013 ha completato &#8211; perch\u00e9 le compensazioni territoriali garantiscono la parte della riqualificazione materiale, mentre con il Pon Metro, un altro finanziamento gi\u00e0 acquisito, viene garantita quella che intendiamo come riqualificazione immateriale\u201d.<\/em><\/p>\n<p>Nel sottolineare come il progetto coinvolga, per l\u2019anno in corso, le citt\u00e0 di L\u2019Aquila, Novara, Treviso, Ascoli, Brindisi e Ancona e come altri volumi tematici dei Quaderni saranno oggetto di future presentazioni, Ada Fichera, curatrice della collana, ha rimarcato che il Quaderno di Brindisi \u00e8 il primo in assoluto a essere realizzato e <em>\u201cproponendo i temi che caratterizzano una citt\u00e0, noi vogliamo comunicare che esistono tante best practice nei Comuni e che vanno fatte conoscere adeguatamente, perch\u00e9 non si lavora bene solo al Nord, ma si lavora altrettanto bene al Sud e Brindisi \u00e8 un esempio\u201d.<\/em><\/p>\n<p><em>\u201cAbbiamo iniziato a Brindisi questo percorso, proprio perch\u00e9 crediamo che sia una delle citt\u00e0 che hanno un ottimo sindaco, un ottimo progetto di sviluppo e una visione del futuro di grande spessore\u201d, ha ribadito il segretario generale UGL, Paolo Capone, ricordando come il capoluogo sia \u201cin trasformazione continua\u201d e come essa \u201csi percepisca passandoci a distanza di un certo numero di anni\u201d. \u201cAnche da queste pagine si coglie una visione lunga\u201d, ha concluso Capone fornendo cos\u00ec ampia materia per le riflessioni del prefetto Aprea, secondo il quale \u201c \u2018Navigare il futuro\u2019, non \u00e8 una trovata di genio condensata in una frase. Navigare il futuro \u00e8 impegno culturale e mettere in evidenza, pi\u00f9 di ogni altro elemento che si possa pensare, come il mare sia elemento identitario di Brindisi e come esso sia il motore della rinascita\u201d.<\/em><\/p>\n<p>L\u2019on. D\u2019Attis, da parte sua, rivolgendosi direttamente agli studenti, ha inteso farli riflettere su come Brindisi sia la capitale della transizione energetica italiana e su come si sia stati capaci in Parlamento, nel governare tale transizione, di inserire una norma tassello chiave in questo processo, perch\u00e9 garantisce sicurezza energetica in una fase di uscita dal carbone, accompagna territori complessi come Brindisi e Civitavecchia verso nuovi modelli produttivi; crea una cornice stabile per investimenti e interventi pubblici.<br \/>\n\u201cNavigare il futuro\u201d doveva avviare un percorso di ascolto e proposta con al centro le specificit\u00e0 del territorio brindisino e di una citt\u00e0 chiamata a ripartire dalla propria identit\u00e0 e dalle energie sociali, produttive e culturali della comunit\u00e0 e non sono mancati gli interventi degli studenti, sostanzialmente riconducibili ad un unico quesito: cosa possano fare i giovani in questa fase.<br \/>\nLa risposta conclusiva del sindaco ha rimarcato la necessit\u00e0 della formazione e della conoscenza perch\u00e9 \u201cIl futuro non \u00e8 un tempo che arriva, ma una responsabilit\u00e0 che ciascuno si assume\u201d \u2013 ha detto -. Il Quaderno dell\u2019Osservatorio sulle Citt\u00e0 che oggi consegniamo alla vostra attenzione \u00e8 una visione della Citt\u00e0 che vogliamo costruire insieme a tutti voi. La scommessa di quella che abbiamo definito la \u201cnavigazione del futuro\u201d, divenuta plasticamente una narrazione riconosciuta, sta tutta qui. Nel liberare le migliori energie locali, nel superare l\u2019isolamento politico, nel mettere a sistema una visione di democrazia urbana che chiami tutti a dare il proprio contributo. E voi ragazzi miei \u2013 ha rimarcato Marchionna -, rappresentate la \u201cmeglio giovent\u00f9\u201d, il capitale umano su cui tutti noi vogliamo investire con la certezza che saprete raccogliere il testimone di questa sfida e portare Brindisi a diventare un faro di luce che sia di riferimento per tutti i Paesi del Mediterraneo contemporaneo.<br \/>\nBuon lavoro, ragazzi! Auguri alla nostra Brindisi!\u201d<\/p>\n<p>&nbsp;<\/p>\n","protected":false},"excerpt":{"rendered":"<p>\u201cLa necessit\u00e0 che faccio presente a tutti i cittadini di Brindisi \u00e8 che cambi la narrazione di questa citt\u00e0: non \u00e8 vero che siamo una citt\u00e0 in crisi; non \u00e8 vero che siamo una citt\u00e0, che non ha nulla da dire: noi pensiamo di avere moltissimo da dire, ma per fare questo bisogna essere comunit\u00e0. Bisogna remare tutti nella stessa direzione, evitando polemiche sterili e inutili e soprattutto traguardando l\u2019obiettivo fondamentale di un nuovo ciclo di sviluppo. Esso in questa citt\u00e0 \u00e8 possibile, abbandonando le fonti fossili e abbracciando le fonti rinnovabili, riuscendo a fare delle periferie un momento di vita sociale e di comunit\u00e0 dell\u2019intera citt\u00e0. Lo dico perch\u00e9 il centro e le periferie sono, tutte insieme, la citt\u00e0 di Brindisi\u201d. Con queste riflessioni il sindaco di Brindisi, Giuseppe Marchionna, ha concluso il suo intervento alla presentazione del Quaderno \u201cNavigare il futuro\u201d, primo della collana editoriale \u201cI Quaderni dell\u2019Osservatorio sulle Citt\u00e0\u201d, attivato da Ugl e presentato questa mattina nel Nuovo Teatro Verdi alla presenza delle autorit\u00e0 civili e militari&#8230;<\/p>\n","protected":false},"author":2,"featured_media":260799,"comment_status":"closed","ping_status":"closed","sticky":false,"template":"","format":"standard","meta":{"footnotes":""},"categories":[7],"tags":[],"class_list":["post-260793","post","type-post","status-publish","format-standard","has-post-thumbnail","hentry","category-news"],"_links":{"self":[{"href":"https:\/\/www.brundisium.net\/index.php\/wp-json\/wp\/v2\/posts\/260793","targetHints":{"allow":["GET"]}}],"collection":[{"href":"https:\/\/www.brundisium.net\/index.php\/wp-json\/wp\/v2\/posts"}],"about":[{"href":"https:\/\/www.brundisium.net\/index.php\/wp-json\/wp\/v2\/types\/post"}],"author":[{"embeddable":true,"href":"https:\/\/www.brundisium.net\/index.php\/wp-json\/wp\/v2\/users\/2"}],"replies":[{"embeddable":true,"href":"https:\/\/www.brundisium.net\/index.php\/wp-json\/wp\/v2\/comments?post=260793"}],"version-history":[{"count":1,"href":"https:\/\/www.brundisium.net\/index.php\/wp-json\/wp\/v2\/posts\/260793\/revisions"}],"predecessor-version":[{"id":260800,"href":"https:\/\/www.brundisium.net\/index.php\/wp-json\/wp\/v2\/posts\/260793\/revisions\/260800"}],"wp:featuredmedia":[{"embeddable":true,"href":"https:\/\/www.brundisium.net\/index.php\/wp-json\/wp\/v2\/media\/260799"}],"wp:attachment":[{"href":"https:\/\/www.brundisium.net\/index.php\/wp-json\/wp\/v2\/media?parent=260793"}],"wp:term":[{"taxonomy":"category","embeddable":true,"href":"https:\/\/www.brundisium.net\/index.php\/wp-json\/wp\/v2\/categories?post=260793"},{"taxonomy":"post_tag","embeddable":true,"href":"https:\/\/www.brundisium.net\/index.php\/wp-json\/wp\/v2\/tags?post=260793"}],"curies":[{"name":"wp","href":"https:\/\/api.w.org\/{rel}","templated":true}]}}