{"id":260813,"date":"2026-04-27T20:24:44","date_gmt":"2026-04-27T18:24:44","guid":{"rendered":"https:\/\/www.brundisium.net\/?p=260813"},"modified":"2026-04-27T20:55:52","modified_gmt":"2026-04-27T18:55:52","slug":"ostuni-cade-lamministrazione-pomes-dimissioni-dal-notaio-verso-il-commissariamento-e-voto-nel-2027","status":"publish","type":"post","link":"https:\/\/www.brundisium.net\/index.php\/ostuni-cade-lamministrazione-pomes-dimissioni-dal-notaio-verso-il-commissariamento-e-voto-nel-2027\/","title":{"rendered":"Ostuni, cade l\u2019amministrazione Pomes: dimissioni dal notaio, verso il commissariamento e voto nel 2027"},"content":{"rendered":"<p>Scossone politico a Ostuni, dove tredici consiglieri comunali hanno rassegnato le dimissioni irrevocabili davanti a un notaio, determinando la caduta anticipata dell\u2019amministrazione guidata dal sindaco Angelo Pomes.<\/p>\n<p>Gli atti saranno ora depositati presso la segreteria generale del Comune e, una volta protocollati, renderanno effettivo lo scioglimento dell\u2019assise consiliare, con il conseguente avvio del commissariamento dell\u2019ente. Si apre cos\u00ec una fase di gestione straordinaria che condurr\u00e0 la citt\u00e0 verso nuove elezioni, previste nel 2027.<\/p>\n<p>La decisione rappresenta il punto di arrivo di una crisi politica maturata nel corso degli ultimi mesi all\u2019interno della maggioranza di centrosinistra. Eletto nel 2023 con il 63% dei consensi, Pomes ha dovuto fare i conti con una frattura interna progressivamente aggravata, in particolare dopo la revoca delle deleghe a tre assessori di area socialista lo scorso 4 luglio. Da quel momento, gli equilibri in aula sono diventati sempre pi\u00f9 precari, con una maggioranza ridotta a un solo voto.<\/p>\n<p>Determinante, nelle ultime settimane, \u00e8 stata la posizione della consigliera Laura Greco, inizialmente rimasta in maggioranza come indipendente dopo l\u2019uscita dal movimento \u201cConsenso civico\u201d, ma poi confluita nel fronte delle dimissioni.<\/p>\n<p>Il documento \u00e8 stato sottoscritto da un blocco trasversale composto da cinque consiglieri dell\u2019area socialista, dalla stessa Greco e da sette esponenti del centrodestra eletti tra Forza Italia, Fratelli d\u2019Italia e liste civiche. Un\u2019alleanza che ha reso inevitabile la fine anticipata della consiliatura.<\/p>\n<p>Dal punto di vista istituzionale, le dimissioni contestuali della maggioranza dei consiglieri determinano la decadenza automatica del Consiglio comunale e l\u2019interruzione immediata dell\u2019esperienza amministrativa. Nelle prossime ore si attende la nomina di un commissario prefettizio che guider\u00e0 l\u2019ente fino al ritorno alle urne.<\/p>\n<p>La caduta da sindaco comporta inoltre per Pomes anche la decadenza dall\u2019incarico di presidente della Provincia di Brindisi, venendo meno il requisito fondamentale legato alla carica di primo cittadino.<\/p>\n<p>Si chiude cos\u00ec in modo repentino una fase politica che, fino a poche settimane fa, appariva consolidata. Per la Citt\u00e0 Bianca si apre ora una nuova stagione, segnata dall\u2019incertezza ma anche dalla necessit\u00e0 di ridefinire equilibri e prospettive amministrative.<\/p>\n","protected":false},"excerpt":{"rendered":"<p>Scossone politico a Ostuni, dove tredici consiglieri comunali hanno rassegnato le dimissioni irrevocabili davanti a un notaio, determinando la caduta anticipata dell\u2019amministrazione guidata dal sindaco Angelo Pomes. Gli atti saranno ora depositati presso la segreteria generale del Comune e, una volta protocollati, renderanno effettivo lo scioglimento dell\u2019assise consiliare, con il conseguente avvio del commissariamento dell\u2019ente. Si apre cos\u00ec una fase di gestione straordinaria che condurr\u00e0 la citt\u00e0 verso nuove elezioni, previste nel 2027. La decisione rappresenta il punto di arrivo di una crisi politica maturata nel corso degli ultimi mesi all\u2019interno della maggioranza di centrosinistra. Eletto nel 2023 con il 63% dei consensi, Pomes ha dovuto fare i conti con una frattura interna progressivamente aggravata, in particolare dopo la revoca delle deleghe a tre assessori di area socialista lo scorso 4 luglio. Da quel momento, gli equilibri in aula sono diventati sempre pi\u00f9 precari, con una maggioranza ridotta a un solo voto. Determinante, nelle ultime settimane, \u00e8 stata la posizione della consigliera Laura Greco, inizialmente rimasta in maggioranza come indipendente&#8230;<\/p>\n","protected":false},"author":2,"featured_media":208460,"comment_status":"closed","ping_status":"closed","sticky":false,"template":"","format":"standard","meta":{"footnotes":""},"categories":[168,7],"tags":[],"class_list":["post-260813","post","type-post","status-publish","format-standard","has-post-thumbnail","hentry","category-evidenza3","category-news"],"_links":{"self":[{"href":"https:\/\/www.brundisium.net\/index.php\/wp-json\/wp\/v2\/posts\/260813","targetHints":{"allow":["GET"]}}],"collection":[{"href":"https:\/\/www.brundisium.net\/index.php\/wp-json\/wp\/v2\/posts"}],"about":[{"href":"https:\/\/www.brundisium.net\/index.php\/wp-json\/wp\/v2\/types\/post"}],"author":[{"embeddable":true,"href":"https:\/\/www.brundisium.net\/index.php\/wp-json\/wp\/v2\/users\/2"}],"replies":[{"embeddable":true,"href":"https:\/\/www.brundisium.net\/index.php\/wp-json\/wp\/v2\/comments?post=260813"}],"version-history":[{"count":1,"href":"https:\/\/www.brundisium.net\/index.php\/wp-json\/wp\/v2\/posts\/260813\/revisions"}],"predecessor-version":[{"id":260820,"href":"https:\/\/www.brundisium.net\/index.php\/wp-json\/wp\/v2\/posts\/260813\/revisions\/260820"}],"wp:featuredmedia":[{"embeddable":true,"href":"https:\/\/www.brundisium.net\/index.php\/wp-json\/wp\/v2\/media\/208460"}],"wp:attachment":[{"href":"https:\/\/www.brundisium.net\/index.php\/wp-json\/wp\/v2\/media?parent=260813"}],"wp:term":[{"taxonomy":"category","embeddable":true,"href":"https:\/\/www.brundisium.net\/index.php\/wp-json\/wp\/v2\/categories?post=260813"},{"taxonomy":"post_tag","embeddable":true,"href":"https:\/\/www.brundisium.net\/index.php\/wp-json\/wp\/v2\/tags?post=260813"}],"curies":[{"name":"wp","href":"https:\/\/api.w.org\/{rel}","templated":true}]}}