{"id":260815,"date":"2026-04-27T21:51:16","date_gmt":"2026-04-27T19:51:16","guid":{"rendered":"https:\/\/www.brundisium.net\/?p=260815"},"modified":"2026-04-27T19:55:51","modified_gmt":"2026-04-27T17:55:51","slug":"giovedi-30-aprile-una-veglia-per-tutte-le-vocazioni-nella-basilica-del-carmine-di-mesagne","status":"publish","type":"post","link":"https:\/\/www.brundisium.net\/index.php\/giovedi-30-aprile-una-veglia-per-tutte-le-vocazioni-nella-basilica-del-carmine-di-mesagne\/","title":{"rendered":"Giovedi 30 Aprile una veglia per tutte le vocazioni nella Basilica del Carmine di Mesagne"},"content":{"rendered":"<p>Una Veglia di preghiera per tutte le Vocazioni gioved\u00ec 30 aprile alle ore 20,00. \u00c8 l&#8217;iniziativa della comunit\u00e0 di formazione dei prenovizi carmelitani insieme al loro formatore Padre Cosimo Pagliara, Provinciale dei Carmelitani, in occasione della 63a Giornata Mondiale di Preghiera per le Vocazioni. <\/p>\n<p>La Veglia, che si celebrer\u00e0 nella Basilica del Carmine di Mesagne, luogo di secolare presenza dei Carmelitani, avr\u00e0 come tema &#8220;La scoperta interiore del dono di Dio&#8221;, cos\u00ec come Papa Leone XIV ha voluto intitolare il suo messaggio per la stessa Giornata di preghiera per le Vocazioni.<br \/>\nDurante il momento di preghiera, l&#8217;ascolto della Parola di Dio e i segni della liturgia si alterneranno con l&#8217;ascolto di testimonianze vocazionali. I presenti avranno quindi modo di ascoltare la Madre generale delle suore carmelitane, suor Wilma, sulla capacit\u00e0 di fermarsi per accogliere la vocazione. Seguir\u00e0 la testimonianza di Angelo e Marica, sposi mesagnesi, che parleranno della necessit\u00e0 dell&#8217;ascolto per perseverare nella Vocazione. Infine, il giovane prenovizio Mesagnese Francesco far\u00e0 la sua testimonianza sulla gioia e la fatica di seguire il Signore.<br \/>\nTutto confluir\u00e0 nell&#8217;Adorazione Eucaristica. Davanti a Cristo, realmente presente nel Pane Eucaristico, si deporr\u00e0 nel silenzio la preghiera per tutte le Vocazioni: sacerdotali, religiose, matrimoniali e ogni sorta di chiamata alla felicit\u00e0 vera.<\/p>\n<p>Una serata che si promette essere occasione propizia per ritrovarsi come comunit\u00e0, chiedendo il dono di numerose e sante Vocazioni e ascoltare testimonianze di chi giorno dopo giorno scopre la sua chiamata alla gioia.<br \/>\nAppuntamento quindi per gioved\u00ec 30 aprile alle ore 20,00 presso la Basilica del Carmine di Mesagne, con un invito particolarmente rivolto a giovani e giovanissimi.<\/p>\n","protected":false},"excerpt":{"rendered":"<p>Una Veglia di preghiera per tutte le Vocazioni gioved\u00ec 30 aprile alle ore 20,00. \u00c8 l&#8217;iniziativa della comunit\u00e0 di formazione dei prenovizi carmelitani insieme al loro formatore Padre Cosimo Pagliara, Provinciale dei Carmelitani, in occasione della 63a Giornata Mondiale di Preghiera per le Vocazioni. La Veglia, che si celebrer\u00e0 nella Basilica del Carmine di Mesagne, luogo di secolare presenza dei Carmelitani, avr\u00e0 come tema &#8220;La scoperta interiore del dono di Dio&#8221;, cos\u00ec come Papa Leone XIV ha voluto intitolare il suo messaggio per la stessa Giornata di preghiera per le Vocazioni. Durante il momento di preghiera, l&#8217;ascolto della Parola di Dio e i segni della liturgia si alterneranno con l&#8217;ascolto di testimonianze vocazionali. I presenti avranno quindi modo di ascoltare la Madre generale delle suore carmelitane, suor Wilma, sulla capacit\u00e0 di fermarsi per accogliere la vocazione. Seguir\u00e0 la testimonianza di Angelo e Marica, sposi mesagnesi, che parleranno della necessit\u00e0 dell&#8217;ascolto per perseverare nella Vocazione. Infine, il giovane prenovizio Mesagnese Francesco far\u00e0 la sua testimonianza sulla gioia e la fatica di&#8230;<\/p>\n","protected":false},"author":2,"featured_media":260816,"comment_status":"closed","ping_status":"closed","sticky":false,"template":"","format":"standard","meta":{"footnotes":""},"categories":[7],"tags":[],"class_list":["post-260815","post","type-post","status-publish","format-standard","has-post-thumbnail","hentry","category-news"],"_links":{"self":[{"href":"https:\/\/www.brundisium.net\/index.php\/wp-json\/wp\/v2\/posts\/260815","targetHints":{"allow":["GET"]}}],"collection":[{"href":"https:\/\/www.brundisium.net\/index.php\/wp-json\/wp\/v2\/posts"}],"about":[{"href":"https:\/\/www.brundisium.net\/index.php\/wp-json\/wp\/v2\/types\/post"}],"author":[{"embeddable":true,"href":"https:\/\/www.brundisium.net\/index.php\/wp-json\/wp\/v2\/users\/2"}],"replies":[{"embeddable":true,"href":"https:\/\/www.brundisium.net\/index.php\/wp-json\/wp\/v2\/comments?post=260815"}],"version-history":[{"count":1,"href":"https:\/\/www.brundisium.net\/index.php\/wp-json\/wp\/v2\/posts\/260815\/revisions"}],"predecessor-version":[{"id":260817,"href":"https:\/\/www.brundisium.net\/index.php\/wp-json\/wp\/v2\/posts\/260815\/revisions\/260817"}],"wp:featuredmedia":[{"embeddable":true,"href":"https:\/\/www.brundisium.net\/index.php\/wp-json\/wp\/v2\/media\/260816"}],"wp:attachment":[{"href":"https:\/\/www.brundisium.net\/index.php\/wp-json\/wp\/v2\/media?parent=260815"}],"wp:term":[{"taxonomy":"category","embeddable":true,"href":"https:\/\/www.brundisium.net\/index.php\/wp-json\/wp\/v2\/categories?post=260815"},{"taxonomy":"post_tag","embeddable":true,"href":"https:\/\/www.brundisium.net\/index.php\/wp-json\/wp\/v2\/tags?post=260815"}],"curies":[{"name":"wp","href":"https:\/\/api.w.org\/{rel}","templated":true}]}}