{"id":260853,"date":"2026-04-28T15:10:09","date_gmt":"2026-04-28T13:10:09","guid":{"rendered":"https:\/\/www.brundisium.net\/?p=260853"},"modified":"2026-04-28T15:10:09","modified_gmt":"2026-04-28T13:10:09","slug":"giornata-della-terra-fiori-di-versi-alla-giulio-cesare-di-brindisi","status":"publish","type":"post","link":"https:\/\/www.brundisium.net\/index.php\/giornata-della-terra-fiori-di-versi-alla-giulio-cesare-di-brindisi\/","title":{"rendered":"Giornata della Terra: \u201cFiori di versi\u201d alla Giulio Cesare di Brindisi"},"content":{"rendered":"<p>Il cortile scolastico questa mattina si \u00e8 trasformato in un palcoscenico a cielo aperto per dare voce alla natura. Alcune classi della scuola secondaria di primo grado \u201cGiulio Cesare\u201d si sono ritrovate nel cortile della scuola per una mattinata dedicata alla poesia in occasione della \u201cGiornata della Terra\u201d.<\/p>\n<p>L\u2019iniziativa, dal titolo \u201cFiori di versi\u201d, \u00e8 stata organizzata dai professori Sandro Chirizzi e Federica Rollo in collaborazione con il Dipartimento di Lettere e rappresenta il culmine di un percorso didattico intenso: nelle ultime settimane, gli studenti hanno partecipato a laboratori di scrittura creativa, esplorando il linguaggio della poesia come strumento di sensibilizzazione ecologica. La manifestazione \u00e8 stata, inoltre, realizzata in collaborazione con l\u2019Associazione Culturale \u201cLe Muse\u201d di Lecce.<\/p>\n<p>A partire dalle ore 9:00 e fino alle ore 13:00, i genitori sono stati invitati a partecipare alla manifestazione per assistere alle letture. I ragazzi hanno indossato, quale simbolo di appartenenza e rispetto per il pianeta, un accessorio verde.<\/p>\n<p>La celebrazione proseguir\u00e0 idealmente anche nel pomeriggio. Gli studenti e le loro famiglie potranno recarsi liberamente presso la fioreria \u201cDonna di Fiori\u201d, in viale Commenda, per ammirare la vetrina tematica allestita appositamente per l\u2019iniziativa e scattare foto ricordo insieme ai propri versi.<\/p>\n<p>\u201cIl progetto &#8216;Fiori di versi&#8217; &#8211; afferma il Dirigente Scolastico, Giosu\u00e8 Rollo &#8211; non \u00e8 solo un esercizio di stile, ma un atto d&#8217;amore verso il nostro pianeta. Vedere i nostri studenti trasformare la consapevolezza ambientale in versi poetici \u00e8 la conferma che la scuola pu\u00f2 (e deve) essere il luogo in cui germoglia una nuova sensibilit\u00e0 civica.&#8221;<\/p>\n","protected":false},"excerpt":{"rendered":"<p>Il cortile scolastico questa mattina si \u00e8 trasformato in un palcoscenico a cielo aperto per dare voce alla natura. Alcune classi della scuola secondaria di primo grado \u201cGiulio Cesare\u201d si sono ritrovate nel cortile della scuola per una mattinata dedicata alla poesia in occasione della \u201cGiornata della Terra\u201d. L\u2019iniziativa, dal titolo \u201cFiori di versi\u201d, \u00e8 stata organizzata dai professori Sandro Chirizzi e Federica Rollo in collaborazione con il Dipartimento di Lettere e rappresenta il culmine di un percorso didattico intenso: nelle ultime settimane, gli studenti hanno partecipato a laboratori di scrittura creativa, esplorando il linguaggio della poesia come strumento di sensibilizzazione ecologica. La manifestazione \u00e8 stata, inoltre, realizzata in collaborazione con l\u2019Associazione Culturale \u201cLe Muse\u201d di Lecce. A partire dalle ore 9:00 e fino alle ore 13:00, i genitori sono stati invitati a partecipare alla manifestazione per assistere alle letture. I ragazzi hanno indossato, quale simbolo di appartenenza e rispetto per il pianeta, un accessorio verde. La celebrazione proseguir\u00e0 idealmente anche nel pomeriggio. Gli studenti e le loro famiglie potranno&#8230;<\/p>\n","protected":false},"author":2,"featured_media":260855,"comment_status":"closed","ping_status":"closed","sticky":false,"template":"","format":"standard","meta":{"footnotes":""},"categories":[7],"tags":[],"class_list":["post-260853","post","type-post","status-publish","format-standard","has-post-thumbnail","hentry","category-news"],"_links":{"self":[{"href":"https:\/\/www.brundisium.net\/index.php\/wp-json\/wp\/v2\/posts\/260853","targetHints":{"allow":["GET"]}}],"collection":[{"href":"https:\/\/www.brundisium.net\/index.php\/wp-json\/wp\/v2\/posts"}],"about":[{"href":"https:\/\/www.brundisium.net\/index.php\/wp-json\/wp\/v2\/types\/post"}],"author":[{"embeddable":true,"href":"https:\/\/www.brundisium.net\/index.php\/wp-json\/wp\/v2\/users\/2"}],"replies":[{"embeddable":true,"href":"https:\/\/www.brundisium.net\/index.php\/wp-json\/wp\/v2\/comments?post=260853"}],"version-history":[{"count":1,"href":"https:\/\/www.brundisium.net\/index.php\/wp-json\/wp\/v2\/posts\/260853\/revisions"}],"predecessor-version":[{"id":260858,"href":"https:\/\/www.brundisium.net\/index.php\/wp-json\/wp\/v2\/posts\/260853\/revisions\/260858"}],"wp:featuredmedia":[{"embeddable":true,"href":"https:\/\/www.brundisium.net\/index.php\/wp-json\/wp\/v2\/media\/260855"}],"wp:attachment":[{"href":"https:\/\/www.brundisium.net\/index.php\/wp-json\/wp\/v2\/media?parent=260853"}],"wp:term":[{"taxonomy":"category","embeddable":true,"href":"https:\/\/www.brundisium.net\/index.php\/wp-json\/wp\/v2\/categories?post=260853"},{"taxonomy":"post_tag","embeddable":true,"href":"https:\/\/www.brundisium.net\/index.php\/wp-json\/wp\/v2\/tags?post=260853"}],"curies":[{"name":"wp","href":"https:\/\/api.w.org\/{rel}","templated":true}]}}