{"id":260864,"date":"2026-04-28T16:02:21","date_gmt":"2026-04-28T14:02:21","guid":{"rendered":"https:\/\/www.brundisium.net\/?p=260864"},"modified":"2026-04-28T16:02:21","modified_gmt":"2026-04-28T14:02:21","slug":"sinergia-tra-arpal-puglia-e-camera-di-commercio-brindisi-taranto-focus-su-imprese-occupazione-e-welfare","status":"publish","type":"post","link":"https:\/\/www.brundisium.net\/index.php\/sinergia-tra-arpal-puglia-e-camera-di-commercio-brindisi-taranto-focus-su-imprese-occupazione-e-welfare\/","title":{"rendered":"Sinergia tra ARPAL Puglia e Camera di Commercio Brindisi-Taranto: focus su imprese, occupazione e welfare"},"content":{"rendered":"<p>Si \u00e8 tenuto questa mattina, presso la Sala \u201cAlfredo Malcarne\u201d della Camera di Commercio di Brindisi, un importante incontro dedicato al rafforzamento del legame tra istituzioni e sistema produttivo locale. L&#8217;evento, nato nell\u2019ambito del Protocollo d&#8217;Intesa siglato tra ARPAL Puglia &#8211; Ambito territoriale di Brindisi-Taranto e la Camera di Commercio di Brindisi-Taranto, ha visto la partecipazione di numerose imprese del territorio.<\/p>\n<p>L\u2019obiettivo della giornata \u00e8 stato quello di presentare i servizi e le opportunit\u00e0 concrete a supporto delle aziende, facilitando l&#8217;accesso ai Servizi Pubblici per l&#8217;Impiego. La collaborazione tra i due enti punta a creare una gestione sinergica che permetta ai datori di lavoro di soddisfare i propri fabbisogni di competenze in modo rapido ed efficace.<\/p>\n<p>Durante i lavori, sono stati forniti strumenti operativi per migliorare la qualificazione e l&#8217;intermediazione delle opportunit\u00e0 occupazionali, con un focus specifico su servizi rivolti alle imprese, welfare aziendale, collocamento mirato e strategie per l&#8217;inclusione lavorativa.<\/p>\n<p>Ad aprire l&#8217;incontro sono stati i saluti istituzionali dei vertici dei due enti promotori:<\/p>\n<p>&#8220;La collaborazione con Arpal rappresenta un passo concreto per rafforzare l\u2019incontro  tra domanda e offerta di lavoro nei nostri territori. Si tratta per noi di una sinergia sicuramente strategica che punta a rendere pi\u00f9 efficaci i servizi per l\u2019impiego e pi\u00f9 semplice per le imprese individuare le competenze di cui hanno bisogno e gli strumenti pi\u00f9 utili. Il contesto resta complesso, con i livelli di disoccupazione ancora elevati e difficolt\u00e0 di reperimento di profili adeguati. Per questo \u00e8 fondamentale agire sul disallineamento tra competenze disponibili e fabbisogni delle aziende, anche attraverso i sistemi informativi nazionali sempre pi\u00f9 puntuali&#8221;, ha dichiarato Franco Gentile, Vice Presidente della Camera di Commercio di Brindisi-Taranto. &#8220;Accanto ai dati, servono azioni concrete di orientamento, accompagnamento al lavoro e sostegno alle imprese ed all\u2019imprenditorialit\u00e0. Questa azione, piuttosto complessa, che conduciamo insieme ad ARPAL Puglia, consente di integrare strumenti e servizi, rendendoli accessibili ed incisivi. Abbiamo quindi dato piena disponibilit\u00e0 per iniziative periodiche, nei prossimi mesi, finalizzate al coinvolgimento diretto delle imprese locali. Il nostro obiettivo, condiviso, \u00e8 quello di favorire occupazione di qualit\u00e0 e lavoro dignitoso per giovani e meno giovani, sempre in una prospettiva di parit\u00e0 di genere&#8221;.<\/p>\n<p>\u201cDesidero esprimere il mio pi\u00f9 vivo e sincero apprezzamento &#8211; dichiara Giuseppe Lella, dirigente  della Sezione Politiche e Mercato del Lavoro di Regione Puglia &#8211; per l&#8217;importante ciclo di iniziative promosso congiuntamente da Arpal Puglia e Unioncamere Puglia, che ha preso il via proprio oggi qui a Brindisi. Questo percorso condiviso rappresenta una chiara e tangibile attestazione di come gli sforzi di sistema, fondati sulla forte sinergia tra le istituzioni del nostro territorio, siano la chiave fondamentale per garantire e mantenere un livello di assoluta eccellenza nei servizi offerti alle nostre imprese, sostenendone cos\u00ec la competitivit\u00e0 e la crescita\u201d. <\/p>\n<p>\u201cIn attuazione dell&#8217;accordo tra Unioncamere Puglia e Arpal Puglia, il servizio pubblico e gratuito di incrocio domanda-offerta di lavoro \u2013 afferma Gianluca Budano, Direttore di ARPAL Puglia &#8211; viene presentato e messo a disposizione di tutte le imprese iscritte alle Camere di Commercio pugliesi. Il nostro personale, uscendo dalle mura dei propri uffici, presso le Camere di Commercio presenteranno i servizi di incrocio domanda-offerta di lavoro, quelli relativi al collocamento mirato ed in generale tutti i servizi per l&#8217;impiego rivolti alle imprese, soddisfacendo concretamente i fabbisogni occupazionali sulle tante offerte di lavoro su cui le imprese non trovano risorse umane adatte ai processi lavorativi\u201d.<\/p>\n<p>Ad evidenziare il valore strategico del lavoro di rete, Marta Basile, Dirigente U.O. Coordinamento Servizi Impiego degli Ambiti di Lecce, Brindisi e Taranto di ARPAL Puglia: \u201cAttraverso questi importanti momenti di confronto, ARPAL Puglia intende offrire alle imprese strumenti concreti che puntano a qualificare l\u2019incrocio tra domanda e offerta di lavoro, rendendolo pi\u00f9 fluido, mirato e rispondente alle reali esigenze del mercato. Non vogliamo limitarci a una funzione di intermediazione ma fornire soluzioni operative che permettano alle aziende di mappare con precisione le competenze necessarie. Nell\u2019ambito del Protocollo con Unioncamere, la sinergia con le Camere di Commercio diventa fondamentale per supportare le aziende nella ricerca dei talenti e nella valorizzazione del capitale umano, dando risposte certe a chi investe nel territorio per garantire che ogni inserimento lavorativo non rappresenti solo un numero bens\u00ec un valore aggiunto per la crescita e l&#8217;innovazione del nostro sistema produttivo\u201d<\/p>\n<p>L&#8217;evento si \u00e8 concluso con una sessione di confronto tra relatrici, relatori e rappresentanze delle categorie produttive, confermando la volont\u00e0 comune di trasformare il Protocollo d&#8217;Intesa in un motore di crescita costante.<\/p>\n<p>AGENZIA REGIONALE POLITICHE ATTIVE DEL LAVORO PUGLIA<br \/>\nL&#8217;Agenzia Regionale per le Politiche Attive del Lavoro della Puglia nasce con la Legge regionale n. 29 del 29 giugno 2018 e ha come obiettivo prioritario la piu\u0300 ampia inclusione nel mondo del lavoro. Gestisce i Centri per l\u2019impiego; favorisce l\u2019incontro  tra la domanda e l\u2019offerta di lavoro, in sinergia  con imprese e privati accreditati; promuove l\u2019integrazione delle  persone con disabilit\u00e0 e fragilit\u00e0; supporta l\u2019osservatorio del mercato del lavoro; collabora alla programmazione dell\u2019offerta formativa rispetto alle dinamiche del mercato del lavoro e dei fabbisogni professionali. Per ulteriori informazioni e dati su ARPAL Puglia, sui Centri per l\u2019Impiego (CPI) e sui progetti e le iniziative in corso, \u00e8 possibile consultare la cartella stampa scaricabile QUI.<br \/>\nhttps:\/\/arpal.regione.puglia.it\/<\/p>\n","protected":false},"excerpt":{"rendered":"<p>Si \u00e8 tenuto questa mattina, presso la Sala \u201cAlfredo Malcarne\u201d della Camera di Commercio di Brindisi, un importante incontro dedicato al rafforzamento del legame tra istituzioni e sistema produttivo locale. L&#8217;evento, nato nell\u2019ambito del Protocollo d&#8217;Intesa siglato tra ARPAL Puglia &#8211; Ambito territoriale di Brindisi-Taranto e la Camera di Commercio di Brindisi-Taranto, ha visto la partecipazione di numerose imprese del territorio. L\u2019obiettivo della giornata \u00e8 stato quello di presentare i servizi e le opportunit\u00e0 concrete a supporto delle aziende, facilitando l&#8217;accesso ai Servizi Pubblici per l&#8217;Impiego. La collaborazione tra i due enti punta a creare una gestione sinergica che permetta ai datori di lavoro di soddisfare i propri fabbisogni di competenze in modo rapido ed efficace. Durante i lavori, sono stati forniti strumenti operativi per migliorare la qualificazione e l&#8217;intermediazione delle opportunit\u00e0 occupazionali, con un focus specifico su servizi rivolti alle imprese, welfare aziendale, collocamento mirato e strategie per l&#8217;inclusione lavorativa. Ad aprire l&#8217;incontro sono stati i saluti istituzionali dei vertici dei due enti promotori: &#8220;La collaborazione con Arpal rappresenta&#8230;<\/p>\n","protected":false},"author":2,"featured_media":260867,"comment_status":"closed","ping_status":"closed","sticky":false,"template":"","format":"standard","meta":{"footnotes":""},"categories":[7],"tags":[],"class_list":["post-260864","post","type-post","status-publish","format-standard","has-post-thumbnail","hentry","category-news"],"_links":{"self":[{"href":"https:\/\/www.brundisium.net\/index.php\/wp-json\/wp\/v2\/posts\/260864","targetHints":{"allow":["GET"]}}],"collection":[{"href":"https:\/\/www.brundisium.net\/index.php\/wp-json\/wp\/v2\/posts"}],"about":[{"href":"https:\/\/www.brundisium.net\/index.php\/wp-json\/wp\/v2\/types\/post"}],"author":[{"embeddable":true,"href":"https:\/\/www.brundisium.net\/index.php\/wp-json\/wp\/v2\/users\/2"}],"replies":[{"embeddable":true,"href":"https:\/\/www.brundisium.net\/index.php\/wp-json\/wp\/v2\/comments?post=260864"}],"version-history":[{"count":1,"href":"https:\/\/www.brundisium.net\/index.php\/wp-json\/wp\/v2\/posts\/260864\/revisions"}],"predecessor-version":[{"id":260868,"href":"https:\/\/www.brundisium.net\/index.php\/wp-json\/wp\/v2\/posts\/260864\/revisions\/260868"}],"wp:featuredmedia":[{"embeddable":true,"href":"https:\/\/www.brundisium.net\/index.php\/wp-json\/wp\/v2\/media\/260867"}],"wp:attachment":[{"href":"https:\/\/www.brundisium.net\/index.php\/wp-json\/wp\/v2\/media?parent=260864"}],"wp:term":[{"taxonomy":"category","embeddable":true,"href":"https:\/\/www.brundisium.net\/index.php\/wp-json\/wp\/v2\/categories?post=260864"},{"taxonomy":"post_tag","embeddable":true,"href":"https:\/\/www.brundisium.net\/index.php\/wp-json\/wp\/v2\/tags?post=260864"}],"curies":[{"name":"wp","href":"https:\/\/api.w.org\/{rel}","templated":true}]}}