{"id":260865,"date":"2026-04-28T16:03:46","date_gmt":"2026-04-28T14:03:46","guid":{"rendered":"https:\/\/www.brundisium.net\/?p=260865"},"modified":"2026-04-28T16:03:46","modified_gmt":"2026-04-28T14:03:46","slug":"il-sindaco-marchionna-ai-giovani-intervenuti-al-battesimo-civico-con-la-maggiore-eta-inizia-un-cammino-di-cittadini-responsabili","status":"publish","type":"post","link":"https:\/\/www.brundisium.net\/index.php\/il-sindaco-marchionna-ai-giovani-intervenuti-al-battesimo-civico-con-la-maggiore-eta-inizia-un-cammino-di-cittadini-responsabili\/","title":{"rendered":"Il sindaco Marchionna ai giovani intervenuti al \u201cbattesimo civico\u201d: \u201ccon la maggiore et\u00e0 inizia un cammino di cittadini responsabili\u201d"},"content":{"rendered":"<p>\u201cQuello che inizia con la vostra maggiore et\u00e0 \u00e8 un cammino di cittadini responsabili. Ci\u00f2 significa essere consapevoli di avere acquisito molti diritti, perch\u00e9 la nostra Costituzione \u00e8 una legge fondamentale che garantisce tutti i cittadini nella loro vita sociale, ma di dover fare anche qualche sacrificio, quello di essere cittadini responsabili. Cittadini responsabili vuol dire avere a cuore le sorti della Repubblica, le sorti della democrazia, quelle della pace, della solidariet\u00e0 e del senso di comunit\u00e0, che si identifica con questo grande Paese che \u00e8 l\u2019Italia. Da questo momento il Paese sa che pu\u00f2 contare anche su di voi\u201d. Nel Nuovo Teatro Verdi gremito di giovani, \u00e8 andato diritto al nodo della questione discorso, il sindaco di Brindisi, Giuseppe Marchionna, intervenuto nella mattinata di oggi, marted\u00ec 28 aprile, al \u201cbattesimo civico\u201d, cerimonia solenne dedicata ai nati nel 2008 che hanno da poco raggiunto la maggiore et\u00e0. All\u2019evento promosso e organizzato dall\u2019associazione\u00a0Sinergitaly, rappresentata dall\u2019Uff. Omri\u00a0Riccardo Di Matteo, e dall\u2019associazione\u00a0Apamri\u00a0&#8211; Associazione parlamentare di amicizia con gli insigniti al Merito della Repubblica Italiana &#8211; con il delegato della Puglia Cav. Omri\u00a0Antonio Giaimis hanno partecipato tutte le autorit\u00e0 civili e militari del territorio.<br \/>\nIl sindaco, prima che la cerimonia iniziasse, ha voluto far cogliere agli operatori dei media come quella di oggi fosse \u201cla seconda giornata consecutiva nella quale il Nuovo Teatro Verdi ha ospitato i neodiciottenni o le ultime classi degli istituti superiori della citt\u00e0 per riflessioni su temi rilevanti. Ieri ci siano soffermati con loro sulla visione della citt\u00e0 \u2013 ha osservato -; oggi col battesimo civico consideriamo come questa classe di diciottenni acceda alla cittadinanza attiva e responsabile. \u00c8 una simbolica cerimonia nel corso della quale la consegna della Costituzione italiana diventa auspicio per loro di un punto di riferimento fondamentale \u2013 ha concluso -, un momento in cui li si invita formalmente alla cooperazione alla vita sociale nella citt\u00e0 e nel territorio\u201d.<\/p>\n","protected":false},"excerpt":{"rendered":"<p>\u201cQuello che inizia con la vostra maggiore et\u00e0 \u00e8 un cammino di cittadini responsabili. Ci\u00f2 significa essere consapevoli di avere acquisito molti diritti, perch\u00e9 la nostra Costituzione \u00e8 una legge fondamentale che garantisce tutti i cittadini nella loro vita sociale, ma di dover fare anche qualche sacrificio, quello di essere cittadini responsabili. Cittadini responsabili vuol dire avere a cuore le sorti della Repubblica, le sorti della democrazia, quelle della pace, della solidariet\u00e0 e del senso di comunit\u00e0, che si identifica con questo grande Paese che \u00e8 l\u2019Italia. Da questo momento il Paese sa che pu\u00f2 contare anche su di voi\u201d. Nel Nuovo Teatro Verdi gremito di giovani, \u00e8 andato diritto al nodo della questione discorso, il sindaco di Brindisi, Giuseppe Marchionna, intervenuto nella mattinata di oggi, marted\u00ec 28 aprile, al \u201cbattesimo civico\u201d, cerimonia solenne dedicata ai nati nel 2008 che hanno da poco raggiunto la maggiore et\u00e0. All\u2019evento promosso e organizzato dall\u2019associazione\u00a0Sinergitaly, rappresentata dall\u2019Uff. Omri\u00a0Riccardo Di Matteo, e dall\u2019associazione\u00a0Apamri\u00a0&#8211; Associazione parlamentare di amicizia con gli insigniti al Merito della Repubblica&#8230;<\/p>\n","protected":false},"author":2,"featured_media":260869,"comment_status":"closed","ping_status":"closed","sticky":false,"template":"","format":"standard","meta":{"footnotes":""},"categories":[7],"tags":[],"class_list":["post-260865","post","type-post","status-publish","format-standard","has-post-thumbnail","hentry","category-news"],"_links":{"self":[{"href":"https:\/\/www.brundisium.net\/index.php\/wp-json\/wp\/v2\/posts\/260865","targetHints":{"allow":["GET"]}}],"collection":[{"href":"https:\/\/www.brundisium.net\/index.php\/wp-json\/wp\/v2\/posts"}],"about":[{"href":"https:\/\/www.brundisium.net\/index.php\/wp-json\/wp\/v2\/types\/post"}],"author":[{"embeddable":true,"href":"https:\/\/www.brundisium.net\/index.php\/wp-json\/wp\/v2\/users\/2"}],"replies":[{"embeddable":true,"href":"https:\/\/www.brundisium.net\/index.php\/wp-json\/wp\/v2\/comments?post=260865"}],"version-history":[{"count":1,"href":"https:\/\/www.brundisium.net\/index.php\/wp-json\/wp\/v2\/posts\/260865\/revisions"}],"predecessor-version":[{"id":260870,"href":"https:\/\/www.brundisium.net\/index.php\/wp-json\/wp\/v2\/posts\/260865\/revisions\/260870"}],"wp:featuredmedia":[{"embeddable":true,"href":"https:\/\/www.brundisium.net\/index.php\/wp-json\/wp\/v2\/media\/260869"}],"wp:attachment":[{"href":"https:\/\/www.brundisium.net\/index.php\/wp-json\/wp\/v2\/media?parent=260865"}],"wp:term":[{"taxonomy":"category","embeddable":true,"href":"https:\/\/www.brundisium.net\/index.php\/wp-json\/wp\/v2\/categories?post=260865"},{"taxonomy":"post_tag","embeddable":true,"href":"https:\/\/www.brundisium.net\/index.php\/wp-json\/wp\/v2\/tags?post=260865"}],"curies":[{"name":"wp","href":"https:\/\/api.w.org\/{rel}","templated":true}]}}