{"id":260898,"date":"2026-04-29T00:34:14","date_gmt":"2026-04-28T22:34:14","guid":{"rendered":"https:\/\/www.brundisium.net\/?p=260898"},"modified":"2026-04-29T07:36:25","modified_gmt":"2026-04-29T05:36:25","slug":"falesia-in-localita-giancola-torre-testa-al-via-i-lavori-di-messa-in-sicurezza-le-modifiche-alla-viabilita","status":"publish","type":"post","link":"https:\/\/www.brundisium.net\/index.php\/falesia-in-localita-giancola-torre-testa-al-via-i-lavori-di-messa-in-sicurezza-le-modifiche-alla-viabilita\/","title":{"rendered":"Falesia in localit\u00e0 Giancola \u2013 Torre Testa, al via i lavori di messa in sicurezza: le modifiche alla viabilit\u00e0"},"content":{"rendered":"<p>Il fenomeno erosivo in progressione del tratto di falesia in localit\u00e0 Giancola\u2013Torre Testa, lungo la ex Strada Provinciale 41 ha portato alla determinazione di adottare misure contingibili e urgenti per la tutela dell\u2019incolumit\u00e0 pubblica e dei privati cittadini e con ordinanza del sindaco \u00e8 stata disposta l\u2019esecuzione immediata dei lavori di messa in sicurezza (scogliera radente con risagomatura e protezione dell\u2019orizzonte sabbioso alla base della falesia) a partire gi\u00e0 da domani, mercoled\u00ec 29 aprile 2026. In particolare si dovr\u00e0 provvedere alla sistemazione preliminare del piano di appoggio al piede della falesia; alla posa in opera di scogli di cava per poi realizzare la scogliera radente e proseguire l\u2019opera con riempimenti fino al ripristino del guard-rail e del manto stradale.<br \/>\nIn virt\u00f9 di ci\u00f2 con ordinanza dirigenziale del settore Lavori e Opere pubbliche-Mobilit\u00e0 Urbana \u00e8 stata disposta la \u201cchiusura integrale del tratto della ex Strada Provinciale 41 in entrambe le direzioni di marcia \u2013 dal versante nord (incrocio con Strada Provinciale 40) al versante sud (incrocio con strada per Lo Bia), con il transito consentito ai titolari delle abitazioni ubicate all\u2019interno del tratto interdetto, muniti di titolo idoneo comprovante la propriet\u00e0 o l\u2019utilizzo dell\u2019unit\u00e0 immobiliare.<br \/>\n\u00c8 stata inibita, inoltre, ogni percorrenza nel tratto stradale della ex Strada Provinciale 41 \u201cda dopo l\u2019incrocio di Via Sirio in direzione nord, per la lunghezza di 50 metri\u201d e in tale tratto \u00e8 consentito esclusivamente il transito dei mezzi autorizzati del Comune incaricati di attuare la messa in sicurezza della falesia.<br \/>\nLa stessa ordinanza dirigenziale ha disciplinato l\u2019accesso e l\u2019uscita per i residenti della contrada Giancola e per i frontisti delle vie Sirio, Gemelli e strada per Giancola stabilendo che \u00e8 consentito a residenti e proprietari delle abitazioni l\u00ec ubicate di raggiungerle muniti di titolo che comprovi la titolarit\u00e0 dell\u2019abitazione.<br \/>\n\u00c8 stata disposto, infine, il divieto di transito per i veicoli con massa superiore a 3,5 t nel tratto contrada Sbitri \u2013 area NW finitima alla pista aeroporto.<\/p>\n","protected":false},"excerpt":{"rendered":"<p>Il fenomeno erosivo in progressione del tratto di falesia in localit\u00e0 Giancola\u2013Torre Testa, lungo la ex Strada Provinciale 41 ha portato alla determinazione di adottare misure contingibili e urgenti per la tutela dell\u2019incolumit\u00e0 pubblica e dei privati cittadini e con ordinanza del sindaco \u00e8 stata disposta l\u2019esecuzione immediata dei lavori di messa in sicurezza (scogliera radente con risagomatura e protezione dell\u2019orizzonte sabbioso alla base della falesia) a partire gi\u00e0 da domani, mercoled\u00ec 29 aprile 2026. In particolare si dovr\u00e0 provvedere alla sistemazione preliminare del piano di appoggio al piede della falesia; alla posa in opera di scogli di cava per poi realizzare la scogliera radente e proseguire l\u2019opera con riempimenti fino al ripristino del guard-rail e del manto stradale. In virt\u00f9 di ci\u00f2 con ordinanza dirigenziale del settore Lavori e Opere pubbliche-Mobilit\u00e0 Urbana \u00e8 stata disposta la \u201cchiusura integrale del tratto della ex Strada Provinciale 41 in entrambe le direzioni di marcia \u2013 dal versante nord (incrocio con Strada Provinciale 40) al versante sud (incrocio con strada per Lo Bia),&#8230;<\/p>\n","protected":false},"author":2,"featured_media":260900,"comment_status":"closed","ping_status":"closed","sticky":false,"template":"","format":"standard","meta":{"footnotes":""},"categories":[7],"tags":[],"class_list":["post-260898","post","type-post","status-publish","format-standard","has-post-thumbnail","hentry","category-news"],"_links":{"self":[{"href":"https:\/\/www.brundisium.net\/index.php\/wp-json\/wp\/v2\/posts\/260898","targetHints":{"allow":["GET"]}}],"collection":[{"href":"https:\/\/www.brundisium.net\/index.php\/wp-json\/wp\/v2\/posts"}],"about":[{"href":"https:\/\/www.brundisium.net\/index.php\/wp-json\/wp\/v2\/types\/post"}],"author":[{"embeddable":true,"href":"https:\/\/www.brundisium.net\/index.php\/wp-json\/wp\/v2\/users\/2"}],"replies":[{"embeddable":true,"href":"https:\/\/www.brundisium.net\/index.php\/wp-json\/wp\/v2\/comments?post=260898"}],"version-history":[{"count":1,"href":"https:\/\/www.brundisium.net\/index.php\/wp-json\/wp\/v2\/posts\/260898\/revisions"}],"predecessor-version":[{"id":260901,"href":"https:\/\/www.brundisium.net\/index.php\/wp-json\/wp\/v2\/posts\/260898\/revisions\/260901"}],"wp:featuredmedia":[{"embeddable":true,"href":"https:\/\/www.brundisium.net\/index.php\/wp-json\/wp\/v2\/media\/260900"}],"wp:attachment":[{"href":"https:\/\/www.brundisium.net\/index.php\/wp-json\/wp\/v2\/media?parent=260898"}],"wp:term":[{"taxonomy":"category","embeddable":true,"href":"https:\/\/www.brundisium.net\/index.php\/wp-json\/wp\/v2\/categories?post=260898"},{"taxonomy":"post_tag","embeddable":true,"href":"https:\/\/www.brundisium.net\/index.php\/wp-json\/wp\/v2\/tags?post=260898"}],"curies":[{"name":"wp","href":"https:\/\/api.w.org\/{rel}","templated":true}]}}