{"id":260912,"date":"2026-04-29T12:52:00","date_gmt":"2026-04-29T10:52:00","guid":{"rendered":"https:\/\/www.brundisium.net\/?p=260912"},"modified":"2026-04-29T15:53:03","modified_gmt":"2026-04-29T13:53:03","slug":"di-donna-e-luperti-contro-mastro-continua-ad-ignorare-la-citta-di-brindisi-adesso-basta-ci-rivolgeremo-al-ministro","status":"publish","type":"post","link":"https:\/\/www.brundisium.net\/index.php\/di-donna-e-luperti-contro-mastro-continua-ad-ignorare-la-citta-di-brindisi-adesso-basta-ci-rivolgeremo-al-ministro\/","title":{"rendered":"Di Donna e Luperti contro Mastro: &#8220;continua ad ignorare la citt\u00e0 di Brindisi. Adesso basta! Ci rivolgeremo al Ministro\u201d"},"content":{"rendered":"<p>L\u2019attuale Presidente dell\u2019Autorit\u00e0 Portuale dell\u2019Adriatico Meridionale, avv. Francesco Mastro, probabilmente ha dimenticato che l\u2019ente che \u00e8 stato chiamato a guidare \u00e8 composto anche dal porto di Brindisi, dalla sua economia e dai suoi lavoratori. Questa considerazione nasce dal fatto che continua a rifiutare qualsiasi forma di confronto con il nostro territorio, pur in presenza di specifiche richieste che giungono dall\u2019Amministrazione Comunale e dal suo Sindaco.<\/p>\n<p>Il riferimento specifico \u00e8 alla richiesta di interlocuzione su quanto approvato dal Consiglio Comunale di Brindisi e cio\u00e8 la nascita di una Darsena pubblica destinata ai diportisti.<\/p>\n<p>L\u2019incontro con l\u2019Autorit\u00e0 Portuale ovviamente \u00e8 fondamentale per stabilire tempi e modalit\u00e0 di attuazione di quanto richiesto, atteso che il porto non \u00e8 propriet\u00e0 privata dell\u2019avv. Mastro.<\/p>\n<p>Al Presidente, inoltre, vorremmo chiedere anche il motivo per cui \u00e8 stata sospesa la rimozione dei distanziatori sulla banchina del lungomare Regina Margherita e soprattutto quanto costa questa operazione di un\u2019opera della quale \u00e8 stata acclarata l\u2019inutilit\u00e0. Cos\u00ec come chiederemo conto del mancato collegamento (a carico dell\u2019ente portuale) tra le banchine di Costa Morena dove ormeggiano le navi da crociera e il centro cittadino.<\/p>\n<p>Chi amministra la citt\u00e0 di Brindisi, anche nella veste di consigliere comunale e di rappresentante di forze politiche, ha il diritto di sapere e soprattutto ha il diritto di comunicare quali sono le volont\u00e0 espresse dalla citt\u00e0, attraverso il voto unanime del Consiglio Comunale.<\/p>\n<p>E\u2019 evidente, pertanto, che questo atteggiamento non \u00e8 in alcun modo accettabile. Da qui la nostra decisione, in assenza di novit\u00e0, di rivolgerci al Ministro delle Infrastrutture e Trasporti (competente sulle Autorit\u00e0 Portuali) ed al Sottosegretario della Presidenza del Consiglio dei Ministri per segnalare il comportamento scorretto, sotto il profilo istituzionale, evidenziando la palese incompatibilit\u00e0 di funzione di chi, su indicazione del Governo, \u00e8 chiamato a svolgere la propria funzione nell\u2019interesse della collettivit\u00e0, rappresentata, nello specifico anche e soprattutto dal Comune. La nostra comunit\u00e0 va rispettata, soprattutto quando si parla del suo porto.<\/p>\n<p><strong><\/p>\n<p>Nicola Di Donna \u2013 capogruppo di Forza Italia<\/p>\n<p>Lino Luperti \u2013 capogruppo di Uguaglianza Cittadina e Consigliere Provinciale<\/strong><em><\/p>\n","protected":false},"excerpt":{"rendered":"<p>L\u2019attuale Presidente dell\u2019Autorit\u00e0 Portuale dell\u2019Adriatico Meridionale, avv. Francesco Mastro, probabilmente ha dimenticato che l\u2019ente che \u00e8 stato chiamato a guidare \u00e8 composto anche dal porto di Brindisi, dalla sua economia e dai suoi lavoratori. Questa considerazione nasce dal fatto che continua a rifiutare qualsiasi forma di confronto con il nostro territorio, pur in presenza di specifiche richieste che giungono dall\u2019Amministrazione Comunale e dal suo Sindaco. Il riferimento specifico \u00e8 alla richiesta di interlocuzione su quanto approvato dal Consiglio Comunale di Brindisi e cio\u00e8 la nascita di una Darsena pubblica destinata ai diportisti. L\u2019incontro con l\u2019Autorit\u00e0 Portuale ovviamente \u00e8 fondamentale per stabilire tempi e modalit\u00e0 di attuazione di quanto richiesto, atteso che il porto non \u00e8 propriet\u00e0 privata dell\u2019avv. Mastro. Al Presidente, inoltre, vorremmo chiedere anche il motivo per cui \u00e8 stata sospesa la rimozione dei distanziatori sulla banchina del lungomare Regina Margherita e soprattutto quanto costa questa operazione di un\u2019opera della quale \u00e8 stata acclarata l\u2019inutilit\u00e0. Cos\u00ec come chiederemo conto del mancato collegamento (a carico dell\u2019ente portuale) tra le banchine&#8230;<\/p>\n","protected":false},"author":2,"featured_media":5796,"comment_status":"closed","ping_status":"closed","sticky":false,"template":"","format":"standard","meta":{"footnotes":""},"categories":[7],"tags":[],"class_list":["post-260912","post","type-post","status-publish","format-standard","has-post-thumbnail","hentry","category-news"],"_links":{"self":[{"href":"https:\/\/www.brundisium.net\/index.php\/wp-json\/wp\/v2\/posts\/260912","targetHints":{"allow":["GET"]}}],"collection":[{"href":"https:\/\/www.brundisium.net\/index.php\/wp-json\/wp\/v2\/posts"}],"about":[{"href":"https:\/\/www.brundisium.net\/index.php\/wp-json\/wp\/v2\/types\/post"}],"author":[{"embeddable":true,"href":"https:\/\/www.brundisium.net\/index.php\/wp-json\/wp\/v2\/users\/2"}],"replies":[{"embeddable":true,"href":"https:\/\/www.brundisium.net\/index.php\/wp-json\/wp\/v2\/comments?post=260912"}],"version-history":[{"count":1,"href":"https:\/\/www.brundisium.net\/index.php\/wp-json\/wp\/v2\/posts\/260912\/revisions"}],"predecessor-version":[{"id":260913,"href":"https:\/\/www.brundisium.net\/index.php\/wp-json\/wp\/v2\/posts\/260912\/revisions\/260913"}],"wp:featuredmedia":[{"embeddable":true,"href":"https:\/\/www.brundisium.net\/index.php\/wp-json\/wp\/v2\/media\/5796"}],"wp:attachment":[{"href":"https:\/\/www.brundisium.net\/index.php\/wp-json\/wp\/v2\/media?parent=260912"}],"wp:term":[{"taxonomy":"category","embeddable":true,"href":"https:\/\/www.brundisium.net\/index.php\/wp-json\/wp\/v2\/categories?post=260912"},{"taxonomy":"post_tag","embeddable":true,"href":"https:\/\/www.brundisium.net\/index.php\/wp-json\/wp\/v2\/tags?post=260912"}],"curies":[{"name":"wp","href":"https:\/\/api.w.org\/{rel}","templated":true}]}}