{"id":260914,"date":"2026-04-29T15:55:56","date_gmt":"2026-04-29T13:55:56","guid":{"rendered":"https:\/\/www.brundisium.net\/?p=260914"},"modified":"2026-04-29T15:55:56","modified_gmt":"2026-04-29T13:55:56","slug":"a-brindisi-il-capo-di-stato-maggiore-della-difesa-portolano-focus-sul-ruolo-della-citta-nel-mediterraneo","status":"publish","type":"post","link":"https:\/\/www.brundisium.net\/index.php\/a-brindisi-il-capo-di-stato-maggiore-della-difesa-portolano-focus-sul-ruolo-della-citta-nel-mediterraneo\/","title":{"rendered":"A Brindisi il Capo di Stato Maggiore della Difesa Portolano. Focus sul ruolo della citt\u00e0 nel Mediterraneo"},"content":{"rendered":"<p><a href=\"https:\/\/www.brundisium.net\/brun\/wp-content\/uploads\/2026\/04\/comune-portolano.jpg\"><img loading=\"lazy\" decoding=\"async\" src=\"https:\/\/www.brundisium.net\/brun\/wp-content\/uploads\/2026\/04\/comune-portolano-300x169.jpg\" alt=\"\" width=\"300\" height=\"169\" class=\"alignright size-medium wp-image-260915\" srcset=\"https:\/\/www.brundisium.net\/brun\/wp-content\/uploads\/2026\/04\/comune-portolano-300x169.jpg 300w, https:\/\/www.brundisium.net\/brun\/wp-content\/uploads\/2026\/04\/comune-portolano-1024x576.jpg 1024w, https:\/\/www.brundisium.net\/brun\/wp-content\/uploads\/2026\/04\/comune-portolano-768x432.jpg 768w, https:\/\/www.brundisium.net\/brun\/wp-content\/uploads\/2026\/04\/comune-portolano-1536x864.jpg 1536w, https:\/\/www.brundisium.net\/brun\/wp-content\/uploads\/2026\/04\/comune-portolano.jpg 1600w\" sizes=\"auto, (max-width: 300px) 100vw, 300px\" \/><\/a>Mattinata di incontri istituzionali per il Capo di Stato Maggiore della Difesa, generale Luciano Antonio Portolano, in visita in Puglia nell\u2019ambito del programma di sopralluoghi ai Reparti delle Forze Armate.<\/p>\n<p>Il generale \u00e8 stato ricevuto dal Prefetto Guido Aprea per un confronto improntato a cordialit\u00e0 e collaborazione, segno della costante sinergia tra autorit\u00e0 civili e militari sul territorio.<\/p>\n<p>Nel corso della stessa mattinata, Portolano ha fatto tappa a Palazzo di Citt\u00e0, dove ha incontrato il sindaco Giuseppe Marchionna. Il colloquio si \u00e8 concentrato in particolare sulle prospettive strategiche di Brindisi nel contesto mediterraneo, tema ritenuto centrale per il futuro della citt\u00e0 e per il sistema della difesa.<\/p>\n<p>La visita si inserisce nel ciclo avviato ieri a Lecce e conferma l\u2019attenzione delle Forze Armate verso i territori pugliesi, con l\u2019obiettivo di rafforzare il dialogo istituzionale e valorizzare il ruolo delle comunit\u00e0 locali in ambito nazionale e internazionale.<\/p>\n","protected":false},"excerpt":{"rendered":"<p>Mattinata di incontri istituzionali per il Capo di Stato Maggiore della Difesa, generale Luciano Antonio Portolano, in visita in Puglia nell\u2019ambito del programma di sopralluoghi ai Reparti delle Forze Armate. Il generale \u00e8 stato ricevuto dal Prefetto Guido Aprea per un confronto improntato a cordialit\u00e0 e collaborazione, segno della costante sinergia tra autorit\u00e0 civili e militari sul territorio. Nel corso della stessa mattinata, Portolano ha fatto tappa a Palazzo di Citt\u00e0, dove ha incontrato il sindaco Giuseppe Marchionna. Il colloquio si \u00e8 concentrato in particolare sulle prospettive strategiche di Brindisi nel contesto mediterraneo, tema ritenuto centrale per il futuro della citt\u00e0 e per il sistema della difesa. La visita si inserisce nel ciclo avviato ieri a Lecce e conferma l\u2019attenzione delle Forze Armate verso i territori pugliesi, con l\u2019obiettivo di rafforzare il dialogo istituzionale e valorizzare il ruolo delle comunit\u00e0 locali in ambito nazionale e internazionale.<\/p>\n","protected":false},"author":2,"featured_media":260916,"comment_status":"closed","ping_status":"closed","sticky":false,"template":"","format":"standard","meta":{"footnotes":""},"categories":[7],"tags":[],"class_list":["post-260914","post","type-post","status-publish","format-standard","has-post-thumbnail","hentry","category-news"],"_links":{"self":[{"href":"https:\/\/www.brundisium.net\/index.php\/wp-json\/wp\/v2\/posts\/260914","targetHints":{"allow":["GET"]}}],"collection":[{"href":"https:\/\/www.brundisium.net\/index.php\/wp-json\/wp\/v2\/posts"}],"about":[{"href":"https:\/\/www.brundisium.net\/index.php\/wp-json\/wp\/v2\/types\/post"}],"author":[{"embeddable":true,"href":"https:\/\/www.brundisium.net\/index.php\/wp-json\/wp\/v2\/users\/2"}],"replies":[{"embeddable":true,"href":"https:\/\/www.brundisium.net\/index.php\/wp-json\/wp\/v2\/comments?post=260914"}],"version-history":[{"count":1,"href":"https:\/\/www.brundisium.net\/index.php\/wp-json\/wp\/v2\/posts\/260914\/revisions"}],"predecessor-version":[{"id":260917,"href":"https:\/\/www.brundisium.net\/index.php\/wp-json\/wp\/v2\/posts\/260914\/revisions\/260917"}],"wp:featuredmedia":[{"embeddable":true,"href":"https:\/\/www.brundisium.net\/index.php\/wp-json\/wp\/v2\/media\/260916"}],"wp:attachment":[{"href":"https:\/\/www.brundisium.net\/index.php\/wp-json\/wp\/v2\/media?parent=260914"}],"wp:term":[{"taxonomy":"category","embeddable":true,"href":"https:\/\/www.brundisium.net\/index.php\/wp-json\/wp\/v2\/categories?post=260914"},{"taxonomy":"post_tag","embeddable":true,"href":"https:\/\/www.brundisium.net\/index.php\/wp-json\/wp\/v2\/tags?post=260914"}],"curies":[{"name":"wp","href":"https:\/\/api.w.org\/{rel}","templated":true}]}}