{"id":260929,"date":"2026-04-29T16:29:18","date_gmt":"2026-04-29T14:29:18","guid":{"rendered":"https:\/\/www.brundisium.net\/?p=260929"},"modified":"2026-04-29T16:29:18","modified_gmt":"2026-04-29T14:29:18","slug":"la-vela-paralimpica-torna-protagonista-a-brindisi-successo-per-la-terza-edizione-della-coppa-forte-a-mare","status":"publish","type":"post","link":"https:\/\/www.brundisium.net\/index.php\/la-vela-paralimpica-torna-protagonista-a-brindisi-successo-per-la-terza-edizione-della-coppa-forte-a-mare\/","title":{"rendered":"La vela paralimpica torna protagonista a Brindisi: successo per la terza edizione della Coppa Forte a Mare"},"content":{"rendered":"<p>La terza edizione della Coppa Forte a Mare, organizzata dal Para Sailing Brindisi, realt\u00e0 costituita da GV3  A Gonfie Vele Verso la Vita e dalla Lega Navale Italiana sezione di Brindisi, si \u00e8 svolta il 25 e 26 aprile nello \u201cStadio del Vento\u201d, lo specchio d\u2019acqua antistante il Castello Forte a Mare, riportando in citt\u00e0 il grande movimento della vela paralimpica italiana. In acqua atleti provenienti da diverse regioni, cinque prove disputate su sei in programma e un livello tecnico che conferma la crescita costante della Classe Hansa 303. Tra le realt\u00e0 presenti anche la Para Sailing Academy, riferimento nazionale per l\u2019alto livello, e il Gruppo Sportivo Paralimpico della Difesa, che ha schierato alcuni dei suoi atleti di punta.<br \/>\nLe condizioni meteo hanno permesso quindi lo svolgimento di quasi tutte le prove previste, grazie a un sabato caratterizzato da un vento ideale. La domenica, invece, \u00e8 stata pi\u00f9 delicata, segnata da un calo significativo dell\u2019intensit\u00e0 del vento che ha richiesto sensibilit\u00e0 tecnica e grande attenzione da parte del Comitato di Regata e degli equipaggi.<br \/>\nNella categoria Singoli, ad occupare il primo posto del podio, Carmelo Forastieri, atleta della Lega Navale Italiana sezione di Palermo e Presidente della Classe Hansa nazionale. Forastieri \u00e8 stato protagonista di una serie di prove solide che gli hanno permesso di imporsi nel gruppo di testa. Al secondo posto si \u00e8 classificato Massimiliano Riccio, in rappresentanza del Gruppo Sportivo Paralimpico della Difesa, sempre costante e incisivo nelle condizioni variabili del campo di regata. Terzo posto per Davide Di Maria, portacolori della Societ\u00e0 Canottieri Garda Sal\u00f2 ASD, che ha confermato ancora una volta la sua esperienza e la sua capacit\u00e0 di interpretare al meglio la Classe Hansa 303.<br \/>\nNella categoria Doppi, il successo \u00e8 stato firmato dall\u2019equipaggio tutto al femminile Ottonello \u2013 Ghigliazza, in forza alla Lega Navale Italiana sezione di Varazze, autrici di una serie di prove di alto livello che le hanno portate al vertice della classifica. Secondo posto per Poggi \u2013 Brioschi, anch\u2019essi tesserati per la LNI Varazze, a conferma della solidit\u00e0 del movimento ligure nella vela paralimpica. Il terzo gradino del podio \u00e8 stato conquistato da Guerrini \u2013 Guerrini, equipaggio costituito da padre e figlio, rappresentanti dell\u2019associazione Marinando 2.0 APS ASD. La coppia si \u00e8 distinta per affiatamento, regolarit\u00e0 e una conduzione sempre pulita e determinata.<br \/>\nLa gestione tecnica delle regate \u00e8 stata affidata dalla VIII Zona FIV al Comitato di Regata, presieduto da Vito Moretti, affiancato da Maria Giovanna Natali e Fernando Gaballo. Staff che ha garantito professionalit\u00e0, equilibrio e una conduzione impeccabile in condizioni meteo non sempre semplici.<br \/>\nL\u2019edizione 2026, valida come tappa nazionale del Campionato Classe Hansa 303, ha portato a Brindisi 56 atleti provenienti da undici regioni italiane: Sicilia, Calabria, Puglia, Lazio, Marche, Emilia-Romagna, Liguria, Lombardia, Friuli Venezia Giulia, Toscana e Piemonte, confermando la dimensione nazionale della manifestazione e la crescente vitalit\u00e0 del movimento Hansa 303. La riuscita dell\u2019evento \u00e8 frutto del ruolo di primo piano che in particolare Brindisi ricopre nel panorama nazionale della vela paralimpica. Conferma al tempo stesso la qualit\u00e0 degli equipaggi di casa e la capacit\u00e0 organizzativa dei circoli promotori.<br \/>\nLa soddisfazione dei presidenti dei circoli organizzatori, Marco Miglietta per GV3 e Gianluca Fischetto per LNI Brindisi, \u00e8 stata unanime. Entrambi hanno evidenziato la qualit\u00e0 tecnica dell\u2019edizione 2026, l\u2019ampia partecipazione nazionale e il valore della vela paralimpica come strumento di crescita sportiva e sociale.<br \/>\nImportante il supporto del Marina di Brindisi, che ha messo a disposizione strutture e servizi del porto turistico con grande disponibilit\u00e0 e professionalit\u00e0. Fondamentale anche l\u2019assistenza in mare e la costante attenzione alla sicurezza garantita dalla Capitaneria di Porto di Brindisi, presente e vigile in tutte le prove disputate. Una rete solida che ha permesso di portare a termine l\u2019evento in totale sicurezza, grazie anche al contributo della Brigata Marina San Marco, che ha assicurato il presidio sanitario con ambulanza e personale medico e infermieristico. Non meno significativa la collaborazione di realt\u00e0 civili come la D.V. Service Noleggio Barche Brindisi, che ha messo a disposizione due natanti di supporto, e di Nonsolopane che, con i suoi prodotti, ha contribuito alla promozione del territorio. Un ringraziamento al Cantiere Navale Danese, che anche in questa occasione ha confermato la preziosa vicinanza al movimento della vela paralimpica. Determinante infine il supporto degli Scout nautici AGESCI Brindisi 1 e di tutti i volontari che, con dedizione e spirito di servizio, hanno reso possibile una manifestazione che unisce sport, inclusione e valorizzazione del territorio. La Coppa Forte a Mare 2026 si chiude cos\u00ec con un bilancio estremamente positivo, lasciando a Brindisi un\u2019eredit\u00e0 fatta di entusiasmo, partecipazione e crescita condivisa, e confermando la citt\u00e0 come una delle capitali italiane della vela paralimpica. \t<\/p>\n","protected":false},"excerpt":{"rendered":"<p>La terza edizione della Coppa Forte a Mare, organizzata dal Para Sailing Brindisi, realt\u00e0 costituita da GV3 A Gonfie Vele Verso la Vita e dalla Lega Navale Italiana sezione di Brindisi, si \u00e8 svolta il 25 e 26 aprile nello \u201cStadio del Vento\u201d, lo specchio d\u2019acqua antistante il Castello Forte a Mare, riportando in citt\u00e0 il grande movimento della vela paralimpica italiana. In acqua atleti provenienti da diverse regioni, cinque prove disputate su sei in programma e un livello tecnico che conferma la crescita costante della Classe Hansa 303. Tra le realt\u00e0 presenti anche la Para Sailing Academy, riferimento nazionale per l\u2019alto livello, e il Gruppo Sportivo Paralimpico della Difesa, che ha schierato alcuni dei suoi atleti di punta. Le condizioni meteo hanno permesso quindi lo svolgimento di quasi tutte le prove previste, grazie a un sabato caratterizzato da un vento ideale. La domenica, invece, \u00e8 stata pi\u00f9 delicata, segnata da un calo significativo dell\u2019intensit\u00e0 del vento che ha richiesto sensibilit\u00e0 tecnica e grande attenzione da parte del Comitato di&#8230;<\/p>\n","protected":false},"author":2,"featured_media":260932,"comment_status":"closed","ping_status":"closed","sticky":false,"template":"","format":"standard","meta":{"footnotes":""},"categories":[1232],"tags":[],"class_list":["post-260929","post","type-post","status-publish","format-standard","has-post-thumbnail","hentry","category-vela"],"_links":{"self":[{"href":"https:\/\/www.brundisium.net\/index.php\/wp-json\/wp\/v2\/posts\/260929","targetHints":{"allow":["GET"]}}],"collection":[{"href":"https:\/\/www.brundisium.net\/index.php\/wp-json\/wp\/v2\/posts"}],"about":[{"href":"https:\/\/www.brundisium.net\/index.php\/wp-json\/wp\/v2\/types\/post"}],"author":[{"embeddable":true,"href":"https:\/\/www.brundisium.net\/index.php\/wp-json\/wp\/v2\/users\/2"}],"replies":[{"embeddable":true,"href":"https:\/\/www.brundisium.net\/index.php\/wp-json\/wp\/v2\/comments?post=260929"}],"version-history":[{"count":1,"href":"https:\/\/www.brundisium.net\/index.php\/wp-json\/wp\/v2\/posts\/260929\/revisions"}],"predecessor-version":[{"id":260933,"href":"https:\/\/www.brundisium.net\/index.php\/wp-json\/wp\/v2\/posts\/260929\/revisions\/260933"}],"wp:featuredmedia":[{"embeddable":true,"href":"https:\/\/www.brundisium.net\/index.php\/wp-json\/wp\/v2\/media\/260932"}],"wp:attachment":[{"href":"https:\/\/www.brundisium.net\/index.php\/wp-json\/wp\/v2\/media?parent=260929"}],"wp:term":[{"taxonomy":"category","embeddable":true,"href":"https:\/\/www.brundisium.net\/index.php\/wp-json\/wp\/v2\/categories?post=260929"},{"taxonomy":"post_tag","embeddable":true,"href":"https:\/\/www.brundisium.net\/index.php\/wp-json\/wp\/v2\/tags?post=260929"}],"curies":[{"name":"wp","href":"https:\/\/api.w.org\/{rel}","templated":true}]}}