{"id":260947,"date":"2026-04-30T12:54:36","date_gmt":"2026-04-30T10:54:36","guid":{"rendered":"https:\/\/www.brundisium.net\/?p=260947"},"modified":"2026-04-30T12:54:36","modified_gmt":"2026-04-30T10:54:36","slug":"libriamotra-gli-ulivi-al-via-la-sesta-edizione-nando-dalla-chiesa-per-il-primo-appuntamento","status":"publish","type":"post","link":"https:\/\/www.brundisium.net\/index.php\/libriamotra-gli-ulivi-al-via-la-sesta-edizione-nando-dalla-chiesa-per-il-primo-appuntamento\/","title":{"rendered":"\u201cLibriAmo\u2026tra gli ulivi!\u201d, al via la sesta edizione. Nando dalla Chiesa per il primo appuntamento"},"content":{"rendered":"<p>Dopo il successo degli ultimi anni, torna a Fasano l\u2019appuntamento culturale: primi ospiti annunciati e tante sorprese in arrivo nelle prossime settimane<\/p>\n<p>FASANO &#8211; Si apre nuovamente il sipario su \u201cLibriAmo\u2026tra gli ulivi!\u201d, la rassegna letteraria organizzata dal Mondadori Point dell\u2019imprenditrice fasanese Laura De Mola. Nata nel 2021, la rassegna negli ultimi anni ha saputo ritagliarsi un ruolo di primo piano nel panorama culturale di Fasano, e non solo.<\/p>\n<p>Il primo appuntamento della sesta edizione \u00e8 fissato per il 16 maggio 2026, alle ore 19:00, nella suggestiva cornice del Canne Bianche Lifestyle Hotel di Torre Canne, dove protagonista sar\u00e0 Nando dalla Chiesa con il suo ultimo libro \u201cLa ragazza di vicolo Pandolfini\u201d (San Paolo edizioni). A dialogare e presentare l\u2019autore sar\u00e0 Rita dalla Chiesa, in un incontro che si preannuncia gi\u00e0 tra i pi\u00f9 attesi della rassegna.<\/p>\n<p>L\u2019evento rappresenta solo l\u2019inizio di un calendario che verr\u00e0 annunciato nelle prossime settimane, ma gi\u00e0 si preannuncia ricco di nomi importanti.<\/p>\n<p>Di seguito la panoramica del libro: \u201cAttraverso ricordi e suggestioni, emerge il ritratto di una persona capace di unire grazia e determinazione, sensibilit\u00e0 e coraggio, trasformando le difficolt\u00e0 della vita in forza e dignit\u00e0. Sullo sfondo, eventi cruciali come il terrorismo e la lotta alla mafia danno profondit\u00e0 al racconto, senza mai oscurare la dimensione umana e affettiva. \u00c8 una narrazione che celebra la memoria, l\u2019impegno civile e la capacit\u00e0 di lasciare un segno autentico negli altri, anche lontano dai riflettori.\u201d<\/p>\n<p>Per info e prenotazioni contattare il Mondadori Point di Fasano al numero 080 567 2761 o recarsi nella sede di via Roma, 29.<\/p>\n<p><strong><\/p>\n<p>SMM &#8211; Public Administration &#038; Public Affairs<\/strong><\/p>\n","protected":false},"excerpt":{"rendered":"<p>Dopo il successo degli ultimi anni, torna a Fasano l\u2019appuntamento culturale: primi ospiti annunciati e tante sorprese in arrivo nelle prossime settimane FASANO &#8211; Si apre nuovamente il sipario su \u201cLibriAmo\u2026tra gli ulivi!\u201d, la rassegna letteraria organizzata dal Mondadori Point dell\u2019imprenditrice fasanese Laura De Mola. Nata nel 2021, la rassegna negli ultimi anni ha saputo ritagliarsi un ruolo di primo piano nel panorama culturale di Fasano, e non solo. Il primo appuntamento della sesta edizione \u00e8 fissato per il 16 maggio 2026, alle ore 19:00, nella suggestiva cornice del Canne Bianche Lifestyle Hotel di Torre Canne, dove protagonista sar\u00e0 Nando dalla Chiesa con il suo ultimo libro \u201cLa ragazza di vicolo Pandolfini\u201d (San Paolo edizioni). A dialogare e presentare l\u2019autore sar\u00e0 Rita dalla Chiesa, in un incontro che si preannuncia gi\u00e0 tra i pi\u00f9 attesi della rassegna. L\u2019evento rappresenta solo l\u2019inizio di un calendario che verr\u00e0 annunciato nelle prossime settimane, ma gi\u00e0 si preannuncia ricco di nomi importanti. Di seguito la panoramica del libro: \u201cAttraverso ricordi e suggestioni, emerge il&#8230;<\/p>\n","protected":false},"author":2,"featured_media":260949,"comment_status":"closed","ping_status":"closed","sticky":false,"template":"","format":"standard","meta":{"footnotes":""},"categories":[7],"tags":[],"class_list":["post-260947","post","type-post","status-publish","format-standard","has-post-thumbnail","hentry","category-news"],"_links":{"self":[{"href":"https:\/\/www.brundisium.net\/index.php\/wp-json\/wp\/v2\/posts\/260947","targetHints":{"allow":["GET"]}}],"collection":[{"href":"https:\/\/www.brundisium.net\/index.php\/wp-json\/wp\/v2\/posts"}],"about":[{"href":"https:\/\/www.brundisium.net\/index.php\/wp-json\/wp\/v2\/types\/post"}],"author":[{"embeddable":true,"href":"https:\/\/www.brundisium.net\/index.php\/wp-json\/wp\/v2\/users\/2"}],"replies":[{"embeddable":true,"href":"https:\/\/www.brundisium.net\/index.php\/wp-json\/wp\/v2\/comments?post=260947"}],"version-history":[{"count":1,"href":"https:\/\/www.brundisium.net\/index.php\/wp-json\/wp\/v2\/posts\/260947\/revisions"}],"predecessor-version":[{"id":260955,"href":"https:\/\/www.brundisium.net\/index.php\/wp-json\/wp\/v2\/posts\/260947\/revisions\/260955"}],"wp:featuredmedia":[{"embeddable":true,"href":"https:\/\/www.brundisium.net\/index.php\/wp-json\/wp\/v2\/media\/260949"}],"wp:attachment":[{"href":"https:\/\/www.brundisium.net\/index.php\/wp-json\/wp\/v2\/media?parent=260947"}],"wp:term":[{"taxonomy":"category","embeddable":true,"href":"https:\/\/www.brundisium.net\/index.php\/wp-json\/wp\/v2\/categories?post=260947"},{"taxonomy":"post_tag","embeddable":true,"href":"https:\/\/www.brundisium.net\/index.php\/wp-json\/wp\/v2\/tags?post=260947"}],"curies":[{"name":"wp","href":"https:\/\/api.w.org\/{rel}","templated":true}]}}