{"id":260948,"date":"2026-04-30T12:54:11","date_gmt":"2026-04-30T10:54:11","guid":{"rendered":"https:\/\/www.brundisium.net\/?p=260948"},"modified":"2026-04-30T12:54:11","modified_gmt":"2026-04-30T10:54:11","slug":"fasano-celebra-i-piu-piccoli-al-via-la-10a-edizione-di-o-maggio-allinfanzia","status":"publish","type":"post","link":"https:\/\/www.brundisium.net\/index.php\/fasano-celebra-i-piu-piccoli-al-via-la-10a-edizione-di-o-maggio-allinfanzia\/","title":{"rendered":"Fasano celebra i pi\u00f9 piccoli: al via la 10\u00aa edizione di \u201cO-maggio all\u2019infanzia\u201d"},"content":{"rendered":"<p>L\u2019Amministrazione Comunale di Fasano \u00e8 lieta di presentare il cartellone ufficiale della decima edizione di\u00a0\u201cO-maggio all\u2019infanzia\u201d.\u00a0Un traguardo importante per una rassegna che, per tutto il mese di maggio 2026, trasformer\u00e0 la citt\u00e0 e le sue frazioni in un laboratorio a cielo aperto dedicato alla crescita, al gioco e alla solidariet\u00e0.<br \/>\nSotto l\u2019egida dell\u2019Assessorato alle Politiche Sociali e Culturali, il programma di quest&#8217;anno offre una proposta multidisciplinare che coinvolge cinema, letteratura, sport e inclusione sociale.<\/p>\n<p>\u00abSiamo orgogliosi di tagliare il traguardo della decima edizione di\u00a0&#8220;O-maggio all&#8217;infanzia&#8221; \u2013 spiega il sindaco Francesco Zaccaria -, una rassegna che \u00e8 diventata un pilastro delle nostre politiche sociali e culturali.\u00a0Questo mese di eventi gratuiti non \u00e8 solo un regalo ai nostri bambini, ma un investimento profondo sul futuro della nostra comunit\u00e0. Creare spazi di gioco, riflessione e inclusione significa mettere al centro la famiglia e, soprattutto, fornire ai pi\u00f9 piccoli gli strumenti per crescere in un ambiente stimolante e accogliente.\u00a0Attraverso il cinema, la lettura e lo sport, lavoriamo insieme per costruire i\u00a0cittadini di domani: persone consapevoli, aperte all&#8217;altro e legate alle radici del nostro meraviglioso territorio.\u00a0Invito tutte le famiglie a partecipare e a riscoprire Fasano attraverso la purezza dello sguardo dei nostri figli\u00bb.<\/p>\n<p>\u00abSi conferma a Fasano la rassegna\u00a0&#8220;O-maggio all&#8217;infanzia&#8221;: un intero mese di eventi totalmente gratuiti dedicati ai bambini e alle famiglie, che coinvolgeranno diversi luoghi del nostro territorio \u2013 dice l\u2019assessora alle Politiche Sociali e Culturali Cinzia Caroli \u2013. Il progetto \u00e8 nato sotto l&#8217;Amministrazione Zaccaria, nel tempo, si \u00e8 consolidato e perfezionato sempre di pi\u00f9. Il mio augurio \u00e8 che questa bellissima iniziativa possa proseguire stabilmente negli anni, continuando a porre l&#8217;accento sull&#8217;attenzione verso il mondo dell&#8217;infanzia e sull&#8217;inclusione. Al contempo, il progetto rappresenta una preziosa occasione di valorizzazione del nostro meraviglioso territorio, riscoperto e ammirato attraverso lo sguardo puro di un bambino\u00bb.<\/p>\n<p>Il\u00a0Cinema Kennedy\u00a0si conferma punto di riferimento con l&#8217;iniziativa &#8220;Un cinema per amico&#8221; a ingresso libero. Tre gli appuntamenti in programma alle ore 17:00:<br \/>\n    \u2022 3 maggio:\u00a0Proiezione di\u00a0Zootropolis.<br \/>\n    \u2022 10 maggio:\u00a0Proiezione di\u00a0Jumpers.<br \/>\n    \u2022 17 maggio:\u00a0Proiezione di\u00a0Arco.<\/p>\n<p>La\u00a0Biblioteca di Comunit\u00e0\u00a0sar\u00e0 il cuore pulsante delle attivit\u00e0 didattiche. Tra i numerosi appuntamenti:<br \/>\n    \u2022 Il ciclo\u00a0\u201cC\u2019era una volta un pezzo di legno\u201d\u00a0a cura di Pro Selva (5, 7 e 14 maggio).<br \/>\n    \u2022 L\u2019incontro d&#8217;eccezione il\u00a022 maggio\u00a0con lo scrittore\u00a0Bruno Tognolini.<br \/>\n    \u2022 Laboratori sui\u00a0silent book\u00a0(28 maggio) e letture creative con l&#8217;autrice Chiara Spinelli (29 maggio).<\/p>\n<p>Grande attenzione \u00e8 rivolta alle frazioni e agli spazi aperti:<br \/>\n    \u2022 Montalbano:\u00a0Presso la ludoteca \u201cState Buoni se potete\u201d, si terranno percorsi motori suddivisi per fasce d\u2019et\u00e0 (4, 5 e 6 maggio) e la grande\u00a0Festa del Gelato\u00a0il 30 maggio.<br \/>\n    \u2022 Sport e Natura:\u00a0Il 9 maggio il Lago Forcatella ospiter\u00e0 un\u00a0Family Workout\u00a0per adulti e bambini.<br \/>\n    \u2022 Piazza Ciaia:\u00a0Il centro cittadino si animer\u00e0 il 16 maggio con l\u2019\u201cHappy Circus\u201d\u00a0e il 29 maggio con l\u2019attesa\u00a0\u201cNotte Bianca dei Bambini\u201d.<\/p>\n<p>Il programma integra importanti momenti di riflessione:<br \/>\n    \u2022 La\u00a0\u201cGiornata della Rosa\u201d\u00a0nelle scuole (8 maggio) e la\u00a0\u201cFesta del Dono\u201d\u00a0(24 maggio), entrambe a cura di AIDO.<br \/>\n    \u2022 La vendita dell\u2019Azalea della Ricerca\u00a0(9-10 maggio) a cura di AIRC.<br \/>\n    \u2022 Il laboratorio contro gli stereotipi di genere (10 maggio) e l\u2019incontro sul bullismo con i ragazzi di\u00a0MABASTA\u00a0(26 maggio).<\/p>\n<p>La rassegna si concluder\u00e0 il\u00a031 maggio\u00a0presso il Chiostro dei Minori Osservanti con i laboratori musicali e di vocalit\u00e0 a cura dell\u2019Associazione Calliope.<\/p>\n<p>Questo il programma completo:<\/p>\n<p>3 maggio, Cinema Kennedy, ore 17:00<br \/>\nZOOTROPOLIS &#8211; \u201cUn cinema per amico\u201d<br \/>\nIngresso libero &#8211; A cura dell\u2019Amministrazione comunale<\/p>\n<p>4 maggio, ludoteca \u201cState Buoni se potete\u201d di Montalbano<br \/>\n\u201cScivoli, salti e percorsi\u201d (bambini 3>5 anni)<br \/>\nore 16:30 1\u00b0 turno, ore 18:00 2\u00b0 turno<\/p>\n<p>5 maggio, ludoteca \u201cState Buoni se potete\u201d di Montalbano<br \/>\n\u201cScivoli, salti e percorsi\u201d (bambini 6>9 anni)<br \/>\nore 16:30 1\u00b0 turno, ore 18:00 2\u00b0 turno<\/p>\n<p>5 maggio, Biblioteca di Comunit\u00e0, ore 17:00<br \/>\n\u201cC\u2019era una volta un pezzo di legno\u201d &#8211; A cura di Pro Selva<\/p>\n<p>6 maggio, ludoteca \u201cState Buoni se potete\u201d di Montalbano<br \/>\n\u201cScivoli, salti e percorsi\u201d (bambini 10>12 anni)<br \/>\nore 16:30 1\u00b0 turno, 18:00 2\u00b0 turno<\/p>\n<p>7 maggio, Biblioteca di Comunit\u00e0, ore 17:00<br \/>\n\u201cC\u2019era una volta un pezzo di legno\u201d &#8211; A cura di Pro Selva<\/p>\n<p>8 maggio, Scuole dell\u2019Infanzia e Primarie<br \/>\n\u201cLa giornata della rosa\u201d &#8211; A cura di Aido<\/p>\n<p>9 maggio, Lago Forcatella, ore 16:30-18:30<br \/>\nFamily workout &#8211; Attivit\u00e0 ludico-motorie per adulti e bambini<br \/>\nA cura di ASD \u201cOlistik Training\u201d<\/p>\n<p>9 e 10 maggio, Fasano, Pezze di Greco, Montalbano,<br \/>\nPozzo Faceto e Torre Canne<br \/>\n\u201cL\u2019azalea della ricerca per la festa della mamma\u201d<br \/>\nA cura di AIRC<\/p>\n<p>10 maggio, Piazza Ciaia<br \/>\nore 9:30-14:00: \u201cPap\u00e0, mamma, vi regalo un sorriso\u201d<br \/>\nCentro di Aiuto alla vita e Movimento per la vita APS<br \/>\nore 10:30: \u201cGiochi sensibili: abbattiamo il muro degli stereotipi di genere\u201d<br \/>\nA cura di Humanamente e Agesci gruppo Scout 1<\/p>\n<p>10 maggio, Cinema Kennedy, ore 17:00<br \/>\nJUMPERS &#8211; \u201cUn cinema per amico\u201d<br \/>\nIngresso libero &#8211; A cura dell\u2019Amministrazione comunale<\/p>\n<p>10 maggio, Biblioteca di Comunit\u00e0, ore 17:30<br \/>\nPresentazione del volume di storia della danza per bambini e ragazzi<br \/>\n\u201cMadame La Danse\u201d (Ed. Faso Editore) di Teresa Cecere<br \/>\nIllustrazioni di Elisa Cristiantielli<\/p>\n<p>14 maggio, Biblioteca di Comunit\u00e0, ore 17:00<br \/>\n\u201cC\u2019era una volta un pezzo di legno\u201d<br \/>\nA cura di Pro Selva<\/p>\n<p>15 maggio, Biblioteca di Comunit\u00e0, ore 17:00<br \/>\nConcerto finale laboratorio sperimentale \u201cNotturni musicali e paesaggi interiori\u201d<br \/>\nA cura degli allievi coinvolti nel progetto didattico del M\u00b0 Mariateresa Maggi<\/p>\n<p>Presentazione del progetto \u201cFLOW &#8211; Laboratorio di esperienza musicale\u201d<br \/>\nrivolto a bambini, ragazzi e adulti &#8211; A cura di Calliope APS<\/p>\n<p>16 maggio, Piazza Ciaia, ore 20:30<br \/>\n\u201cHappy circus\u201d &#8211; Animazione, magia, spettacoli e giocoleria<\/p>\n<p>17 maggio, Biblioteca di Comunit\u00e0, ore 16:30<br \/>\n\u201cLa valigia delle cose che posso essere\u201d<br \/>\nLetture e laboratorio (bambini 3-6 anni) &#8211; A cura di Libermedia e Bosco Trullallero APS<\/p>\n<p>17 maggio, Cinema Kennedy, ore 17:00<br \/>\nARCO \u201cUn cinema per amico\u201d &#8211; Ingresso libero<br \/>\nA cura dell\u2019Amministrazione comunale<\/p>\n<p>22 maggio, Biblioteca di Comunit\u00e0, ore 16:30<br \/>\nLetture in biblioteca (bambini dai 9 anni) &#8211; Ospite Bruno Tognolini<\/p>\n<p>23 maggio, Sala di rappresentanza, ore 17:00<br \/>\nPremiazione del Concorso di disegno<br \/>\n\u201cGeografie dell\u2019anima: Fasano raccontata dai ragazzi\u201d<br \/>\nA cura dell\u2019associazione Genitori Fasano A.ge.<\/p>\n<p>24 maggio, Biblioteca di Comunit\u00e0, ore 10:00<br \/>\n\u201cLa festa del dono\u201d &#8211; A cura di Aido<\/p>\n<p>25 maggio, Chiostro dei Minori osservanti, ore 9:00<br \/>\n\u201cNel chiostro delle meraviglie: giochi, magie e sorrisi\u201d<br \/>\nA cura dei plessi Barsento, Martucci e Sant\u2019Elia<\/p>\n<p>26 maggio, Biblioteca di Comunit\u00e0, ore 16:30<br \/>\n\u201cChi si nasconde dietro al bullo?\u201d<br \/>\nA cura di Cif, Humanamente e i ragazzi di MABASTA<\/p>\n<p>26 maggio, Chiostro dei Minori osservanti, ore 19:00<br \/>\n\u201cLa legge del fuoco\u201d Spettacolo teatrale, ingresso libero<br \/>\nA cura dell\u2019Amministrazione comunale e SenzaConfine<\/p>\n<p>28 maggio, Biblioteca di Comunit\u00e0, ore 17:00<br \/>\n\u201cNon\u00a0abbiam\u00a0bisogno di parole\u201d Alla scoperta di silent book<br \/>\nA cura di APSI\u00a0Fasano e Ass. \u201cNati per leggere\u201d Valle d\u2019Itria<\/p>\n<p>29 maggio, Biblioteca di Comunit\u00e0, ore 16:30<br \/>\n\u201cL\u2019ora del t\u00e8\u201d &#8211; Letture e laboratorio (bambini 4>8 anni) con l\u2019autrice Chiara Spinelli &#8211; A cura di Libermedia e La Citt\u00e0 incantata<\/p>\n<p>29 maggio, Piazza Ciaia, ore 20:30<br \/>\n\u201cNotte bianca dei bambini\u201d<br \/>\nA cura dell\u2019Amministrazione comunale<\/p>\n<p>30 maggio, gelateria MAP\u00e0 di Montalbano, ore 17:00<br \/>\nLa festa del gelato<br \/>\nA cura della ludoteca \u201cState Buoni se potete\u201d<\/p>\n<p>31 maggio, Chiostro dei Minori osservanti,<br \/>\nore 9:30-10:30: \u201cGiochiamo con la musica\u201d<br \/>\nLaboratorio musicale (dai 4 anni)<br \/>\nore 10:30-12:30: \u201cAlla scoperta della voce\u201d<br \/>\nLaboratorio di vocalit\u00e0 (dai 12 anni)<br \/>\nAdesioni entro il 27 maggio a calliope.fasano@libero.it<br \/>\nA cura dell\u2019Associazione Culturale Calliope APS<\/p>\n<p>Ufficio Stampa<br \/>\nCitt\u00e0 di Fasano<\/p>\n","protected":false},"excerpt":{"rendered":"<p>L\u2019Amministrazione Comunale di Fasano \u00e8 lieta di presentare il cartellone ufficiale della decima edizione di\u00a0\u201cO-maggio all\u2019infanzia\u201d.\u00a0Un traguardo importante per una rassegna che, per tutto il mese di maggio 2026, trasformer\u00e0 la citt\u00e0 e le sue frazioni in un laboratorio a cielo aperto dedicato alla crescita, al gioco e alla solidariet\u00e0. Sotto l\u2019egida dell\u2019Assessorato alle Politiche Sociali e Culturali, il programma di quest&#8217;anno offre una proposta multidisciplinare che coinvolge cinema, letteratura, sport e inclusione sociale. \u00abSiamo orgogliosi di tagliare il traguardo della decima edizione di\u00a0&#8220;O-maggio all&#8217;infanzia&#8221; \u2013 spiega il sindaco Francesco Zaccaria -, una rassegna che \u00e8 diventata un pilastro delle nostre politiche sociali e culturali.\u00a0Questo mese di eventi gratuiti non \u00e8 solo un regalo ai nostri bambini, ma un investimento profondo sul futuro della nostra comunit\u00e0. Creare spazi di gioco, riflessione e inclusione significa mettere al centro la famiglia e, soprattutto, fornire ai pi\u00f9 piccoli gli strumenti per crescere in un ambiente stimolante e accogliente.\u00a0Attraverso il cinema, la lettura e lo sport, lavoriamo insieme per costruire i\u00a0cittadini di domani: persone&#8230;<\/p>\n","protected":false},"author":2,"featured_media":260951,"comment_status":"closed","ping_status":"closed","sticky":false,"template":"","format":"standard","meta":{"footnotes":""},"categories":[7],"tags":[],"class_list":["post-260948","post","type-post","status-publish","format-standard","has-post-thumbnail","hentry","category-news"],"_links":{"self":[{"href":"https:\/\/www.brundisium.net\/index.php\/wp-json\/wp\/v2\/posts\/260948","targetHints":{"allow":["GET"]}}],"collection":[{"href":"https:\/\/www.brundisium.net\/index.php\/wp-json\/wp\/v2\/posts"}],"about":[{"href":"https:\/\/www.brundisium.net\/index.php\/wp-json\/wp\/v2\/types\/post"}],"author":[{"embeddable":true,"href":"https:\/\/www.brundisium.net\/index.php\/wp-json\/wp\/v2\/users\/2"}],"replies":[{"embeddable":true,"href":"https:\/\/www.brundisium.net\/index.php\/wp-json\/wp\/v2\/comments?post=260948"}],"version-history":[{"count":1,"href":"https:\/\/www.brundisium.net\/index.php\/wp-json\/wp\/v2\/posts\/260948\/revisions"}],"predecessor-version":[{"id":260953,"href":"https:\/\/www.brundisium.net\/index.php\/wp-json\/wp\/v2\/posts\/260948\/revisions\/260953"}],"wp:featuredmedia":[{"embeddable":true,"href":"https:\/\/www.brundisium.net\/index.php\/wp-json\/wp\/v2\/media\/260951"}],"wp:attachment":[{"href":"https:\/\/www.brundisium.net\/index.php\/wp-json\/wp\/v2\/media?parent=260948"}],"wp:term":[{"taxonomy":"category","embeddable":true,"href":"https:\/\/www.brundisium.net\/index.php\/wp-json\/wp\/v2\/categories?post=260948"},{"taxonomy":"post_tag","embeddable":true,"href":"https:\/\/www.brundisium.net\/index.php\/wp-json\/wp\/v2\/tags?post=260948"}],"curies":[{"name":"wp","href":"https:\/\/api.w.org\/{rel}","templated":true}]}}