{"id":261025,"date":"2026-05-02T12:00:36","date_gmt":"2026-05-02T10:00:36","guid":{"rendered":"https:\/\/www.brundisium.net\/?p=261025"},"modified":"2026-05-02T12:00:36","modified_gmt":"2026-05-02T10:00:36","slug":"epifani-fuori-da-torre-guaceto-casa-dei-moderati-atteggiamento-poco-corretto-del-primo-cittadino-o-di-chi-per-lui","status":"publish","type":"post","link":"https:\/\/www.brundisium.net\/index.php\/epifani-fuori-da-torre-guaceto-casa-dei-moderati-atteggiamento-poco-corretto-del-primo-cittadino-o-di-chi-per-lui\/","title":{"rendered":"Epifani fuori da Torre Guaceto, Casa dei Moderati: &#8220;atteggiamento poco corretto del primo cittadino o di &#8216;Chi per Lui'&#8221;"},"content":{"rendered":"<p>Come appreso dalla stampa, il sindaco Marchionna ha ritenuto, in piena autonomia, di non confermare il nostro rappresentante, Giampiero Epifani, in seno al Consiglio d\u2019Amministrazione del Consorzio di torre Guaceto. Sentiamo il dovere politico e Morale di esprimere i nostri pi\u00f9 sentiti ringraziamenti all\u2019amico Giampiero per l\u2019egregio lavoro svolto nei 2 anni di presenza nel CDA del Consorzio, mai per interesse personale ma solo della collettivit\u00e0.<\/p>\n<p>Oltre all\u2019impegno profuso gli vanno riconosciuti dei meriti indiscutibili per i risultati conseguiti, primo tra tutti l\u2019aver portato, per la prima volta in citt\u00e0, una sede istituzionale del Consorzio di Torre Guaceto all\u2019interno di Palazzo Nervegna restituendo un ruolo di centralit\u00e0 al comune capoluogo e sottolineando l\u2019importanza di un rilancio del marketing territoriale di Brindisi. Lo ringraziamo inoltre per aver contribuito, insieme agli altri componenti del CDA e alla struttura amministrativa, al reperimento di pi\u00f9 finanziamenti, tra i quali quelli necessari per l\u2019abbattimento dei manufatti dell\u2019ex spiaggia dell\u2019Aeronautica e il recupero dell\u2019area.<br \/>\nLa sua non riconferma non attiene certamente all\u2019applicazione di manuali di meritocrazia ma risponde alle necessit\u00e0 del primo cittadino ad ora sconosciute alla coalizione.<\/p>\n<p>A Epifani e alla Casa dei Moderati non interessano n\u00e9 incarichi n\u00e9 mercimoni di qualsiasi natura e lo abbiamo sempre dimostrato con i fatti e non con le parole. La posizione all\u2019interno del Consiglio di Amministrazione del Consorzio di Torre Guaceto \u00e8 stata messa pi\u00f9 volte a disposizione della coalizione e della citt\u00e0.<br \/>\nPertanto, ad oggi, non ci meraviglia in alcun modo l\u2019atteggiamento poco corretto, politicamente e umanamente, del ns. primo cittadino che su questa squallida vicenda volutamente ignoriamo, continuando a lavorare, come fatto finora, solo ed esclusivamente nell\u2019interesse della citt\u00e0 e dei brindisini.<\/p>\n<p>Non facciamo una questione di nomi o di persone, n\u00e9 di poltrone. Pur non condividendone tempi e modalit\u00e0, se il sindaco ha ritenuto di individuare, ben al di fuori delle mura della ns citt\u00e0 e comunit\u00e0, un\u2019altra figura per rappresentare Brindisi in seno al CDA del Consorzio di Torre Guaceto, ma a prescindere dagli atteggiamenti poco corretti del primo cittadino o di \u201cChi per Lui\u201d riteniamo doveroso porgere i migliori auguri di buon lavoro al Neo eletto rappresentante del Comune di Brindisi Ing. Tommaso Farenga.<\/p>\n<p><em><strong>CASA DEI MODERATI<\/strong><\/em><br \/>\n<em><strong>Segretario Provinciale &#8211; Claudio NICCOLI<\/strong><\/em><br \/>\n<em><strong>Segretario Cittadino &#8211; Valentino MELE<\/strong><\/em><\/p>\n","protected":false},"excerpt":{"rendered":"<p>Come appreso dalla stampa, il sindaco Marchionna ha ritenuto, in piena autonomia, di non confermare il nostro rappresentante, Giampiero Epifani, in seno al Consiglio d\u2019Amministrazione del Consorzio di torre Guaceto. Sentiamo il dovere politico e Morale di esprimere i nostri pi\u00f9 sentiti ringraziamenti all\u2019amico Giampiero per l\u2019egregio lavoro svolto nei 2 anni di presenza nel CDA del Consorzio, mai per interesse personale ma solo della collettivit\u00e0. Oltre all\u2019impegno profuso gli vanno riconosciuti dei meriti indiscutibili per i risultati conseguiti, primo tra tutti l\u2019aver portato, per la prima volta in citt\u00e0, una sede istituzionale del Consorzio di Torre Guaceto all\u2019interno di Palazzo Nervegna restituendo un ruolo di centralit\u00e0 al comune capoluogo e sottolineando l\u2019importanza di un rilancio del marketing territoriale di Brindisi. Lo ringraziamo inoltre per aver contribuito, insieme agli altri componenti del CDA e alla struttura amministrativa, al reperimento di pi\u00f9 finanziamenti, tra i quali quelli necessari per l\u2019abbattimento dei manufatti dell\u2019ex spiaggia dell\u2019Aeronautica e il recupero dell\u2019area. La sua non riconferma non attiene certamente all\u2019applicazione di manuali di meritocrazia&#8230;<\/p>\n","protected":false},"author":2,"featured_media":258222,"comment_status":"closed","ping_status":"closed","sticky":false,"template":"","format":"standard","meta":{"footnotes":""},"categories":[7],"tags":[],"class_list":["post-261025","post","type-post","status-publish","format-standard","has-post-thumbnail","hentry","category-news"],"_links":{"self":[{"href":"https:\/\/www.brundisium.net\/index.php\/wp-json\/wp\/v2\/posts\/261025","targetHints":{"allow":["GET"]}}],"collection":[{"href":"https:\/\/www.brundisium.net\/index.php\/wp-json\/wp\/v2\/posts"}],"about":[{"href":"https:\/\/www.brundisium.net\/index.php\/wp-json\/wp\/v2\/types\/post"}],"author":[{"embeddable":true,"href":"https:\/\/www.brundisium.net\/index.php\/wp-json\/wp\/v2\/users\/2"}],"replies":[{"embeddable":true,"href":"https:\/\/www.brundisium.net\/index.php\/wp-json\/wp\/v2\/comments?post=261025"}],"version-history":[{"count":1,"href":"https:\/\/www.brundisium.net\/index.php\/wp-json\/wp\/v2\/posts\/261025\/revisions"}],"predecessor-version":[{"id":261026,"href":"https:\/\/www.brundisium.net\/index.php\/wp-json\/wp\/v2\/posts\/261025\/revisions\/261026"}],"wp:featuredmedia":[{"embeddable":true,"href":"https:\/\/www.brundisium.net\/index.php\/wp-json\/wp\/v2\/media\/258222"}],"wp:attachment":[{"href":"https:\/\/www.brundisium.net\/index.php\/wp-json\/wp\/v2\/media?parent=261025"}],"wp:term":[{"taxonomy":"category","embeddable":true,"href":"https:\/\/www.brundisium.net\/index.php\/wp-json\/wp\/v2\/categories?post=261025"},{"taxonomy":"post_tag","embeddable":true,"href":"https:\/\/www.brundisium.net\/index.php\/wp-json\/wp\/v2\/tags?post=261025"}],"curies":[{"name":"wp","href":"https:\/\/api.w.org\/{rel}","templated":true}]}}