{"id":266600,"date":"2026-08-31T10:21:06","date_gmt":"2026-08-31T08:21:06","guid":{"rendered":"https:\/\/www.brundisium.net\/?p=266600"},"modified":"2026-08-31T10:21:40","modified_gmt":"2026-08-31T08:21:40","slug":"contessa-ance-brindisi-da-la-piazza-il-rilancio-del-paese-con-la-valorizzazione-delle-competenze-e-la-capacita-di-aggregazione-la-sfida-parte-dal-sud","status":"publish","type":"post","link":"https:\/\/www.brundisium.net\/index.php\/contessa-ance-brindisi-da-la-piazza-il-rilancio-del-paese-con-la-valorizzazione-delle-competenze-e-la-capacita-di-aggregazione-la-sfida-parte-dal-sud\/","title":{"rendered":"Contessa (Ance Brindisi) da La Piazza: &#8220;Il rilancio del paese con la valorizzazione delle competenze e la capacit\u00e0 di aggregazione. La sfida parte dal Sud"},"content":{"rendered":"<p>Anche quest\u2019anno LA PIAZZA di Affaritaliani si \u00e8 confermata un appuntamento di grande successo: uno spazio aperto di confronto, dialogo e approfondimento sui grandi temi dell\u2019attualit\u00e0, dell\u2019economia, della politica e, soprattutto, sul futuro dei nostri territori e del Paese.<br \/>\nUn\u2019edizione ancora pi\u00f9 ricca e partecipata, che ha saputo crescere nella qualit\u00e0 e nei contenuti senza perdere ci\u00f2 che da sempre rende LA PIAZZA riconoscibile: libert\u00e0, pluralismo e confronto diretto.<\/p>\n<p>Quest\u2019anno, poi, una novit\u00e0 particolarmente significativa: una kermesse nella kermesse, che ha coinvolto i giovani rappresentanti di tutte le forze politiche.<br \/>\nUna scelta importante e lungimirante, perch\u00e9 offrire alle nuove generazioni uno spazio vero nel quale confrontarsi, anche partendo da posizioni differenti, significa investire concretamente sulla qualit\u00e0 della futura classe dirigente e sulla capacit\u00e0 della politica di guardare al futuro.<\/p>\n<p>ANCE Brindisi ha creduto e sostenuto LA PIAZZA per il terzo anno consecutivo e continuer\u00e0 a sostenerla, nella convinzione che occasioni come questa siano preziose per alimentare il confronto tra istituzioni, politica, imprese e societ\u00e0 civile.<br \/>\nNel corso della sua intervista, il Presidente Contessa ha rilanciato tre temi strettamente collegati tra loro e decisivi per lo sviluppo del territorio: urbanistica, accoglienza turistica di qualit\u00e0 e accelerazione industriale.<\/p>\n<p>Tre direttrici che non possono procedere separatamente.<br \/>\nLa qualit\u00e0 e la rigenerazione delle nostre citt\u00e0, la capacit\u00e0 di costruire un sistema di accoglienza turistica all\u2019altezza delle potenzialit\u00e0 del territorio e la necessit\u00e0 di accelerare i processi industriali richiedono una visione comune. E, soprattutto, la capacit\u00e0 di trasformare le idee in progetti, i progetti in cantieri e i cantieri in sviluppo, occupazione e crescita.<br \/>\nE poi ha parlato di una scommessa che si sta vincendo. Una scommessa che dal Salento vuole parlare all\u2019intero sistema delle costruzioni italiane.<br \/>\n\u00c8 quella della copertura dello stadio Via del Mare di Lecce, grazie anche al modello del Consorzio Stabile Build: uno strumento aggregativo delle PMI che sta dimostrando concretamente come le piccole e medie imprese, mettendo insieme competenze, organizzazione, capacit\u00e0 produttiva ed esperienza, possano affrontare sfide e opere di grande complessit\u00e0.<br \/>\nUn vero e proprio network di imprese. Un benchmark per il settore delle costruzioni.<\/p>\n<p>Un modello che non nasce per essere alternativo alle grandi aziende del settore, ma complementare ad esse. Perch\u00e9 un sistema industriale \u00e8 tanto pi\u00f9 forte quanto pi\u00f9 riesce ad aggregare le proprie eccellenze, valorizzare le specializzazioni e moltiplicare, attraverso la collaborazione, la capacit\u00e0 dei suoi protagonisti.<\/p>\n<p>\u00c8 questa, forse, la sintesi pi\u00f9 bella dello spirito di LA PIAZZA: crescere facendo tesoro delle esperienze e valorizzando le competenze, aggregare senza perdere le proprie identit\u00e0, competere senza avere paura di osare e, soprattutto, di fare squadra.<br \/>\nPerch\u00e9 l\u2019Italia pu\u00f2 crescere solo se torna a credere nell\u2019intuito, nelle competenze e nella capacit\u00e0 di metterle insieme.<br \/>\nAbbiamo territori ricchi di talento, imprese capaci di accettare le sfide e competenze che non hanno nulla da invidiare a nessuno. Quello che serve \u00e8 il coraggio di unirle, organizzarle e trasformarle in una forza comune.<\/p>\n<p>Il futuro non appartiene necessariamente ai pi\u00f9 grandi. Appartiene a chi ha pi\u00f9 visione. A chi ha il coraggio di osare. A chi comprende che insieme si pu\u00f2 competere pi\u00f9 in alto e arrivare pi\u00f9 lontano.<br \/>\nEd \u00e8 questa la sfida che dal Sud possiamo lanciare all\u2019Italia: non aspettare il futuro, ma avere l\u2019intuito per immaginarlo, le competenze per realizzarlo e il coraggio di costruirlo. Insieme.<\/p>\n<p>Un ringraziamento e i complimenti all\u2019editore e imprenditore del Sud Marcello Antelmi, al Direttore Marco Scotti e a tutto lo staff per aver costruito, ancora una volta, una Piazza nella quale idee, esperienze, competenze e generazioni diverse hanno potuto incontrarsi e confrontarsi, non soltanto per interpretare il presente, ma per programmare insieme il futuro.<\/p>\n","protected":false},"excerpt":{"rendered":"<p>Anche quest\u2019anno LA PIAZZA di Affaritaliani si \u00e8 confermata un appuntamento di grande successo: uno spazio aperto di confronto, dialogo e approfondimento sui grandi temi dell\u2019attualit\u00e0, dell\u2019economia, della politica e, soprattutto, sul futuro dei nostri territori e del Paese. Un\u2019edizione ancora pi\u00f9 ricca e partecipata, che ha saputo crescere nella qualit\u00e0 e nei contenuti senza perdere ci\u00f2 che da sempre rende LA PIAZZA riconoscibile: libert\u00e0, pluralismo e confronto diretto. Quest\u2019anno, poi, una novit\u00e0 particolarmente significativa: una kermesse nella kermesse, che ha coinvolto i giovani rappresentanti di tutte le forze politiche. Una scelta importante e lungimirante, perch\u00e9 offrire alle nuove generazioni uno spazio vero nel quale confrontarsi, anche partendo da posizioni differenti, significa investire concretamente sulla qualit\u00e0 della futura classe dirigente e sulla capacit\u00e0 della politica di guardare al futuro. ANCE Brindisi ha creduto e sostenuto LA PIAZZA per il terzo anno consecutivo e continuer\u00e0 a sostenerla, nella convinzione che occasioni come questa siano preziose per alimentare il confronto tra istituzioni, politica, imprese e societ\u00e0 civile. Nel corso della sua intervista,&#8230;<\/p>\n","protected":false},"author":2,"featured_media":266601,"comment_status":"closed","ping_status":"closed","sticky":false,"template":"","format":"standard","meta":{"footnotes":""},"categories":[7],"tags":[],"class_list":["post-266600","post","type-post","status-publish","format-standard","has-post-thumbnail","hentry","category-news"],"_links":{"self":[{"href":"https:\/\/www.brundisium.net\/index.php\/wp-json\/wp\/v2\/posts\/266600","targetHints":{"allow":["GET"]}}],"collection":[{"href":"https:\/\/www.brundisium.net\/index.php\/wp-json\/wp\/v2\/posts"}],"about":[{"href":"https:\/\/www.brundisium.net\/index.php\/wp-json\/wp\/v2\/types\/post"}],"author":[{"embeddable":true,"href":"https:\/\/www.brundisium.net\/index.php\/wp-json\/wp\/v2\/users\/2"}],"replies":[{"embeddable":true,"href":"https:\/\/www.brundisium.net\/index.php\/wp-json\/wp\/v2\/comments?post=266600"}],"version-history":[{"count":2,"href":"https:\/\/www.brundisium.net\/index.php\/wp-json\/wp\/v2\/posts\/266600\/revisions"}],"predecessor-version":[{"id":266603,"href":"https:\/\/www.brundisium.net\/index.php\/wp-json\/wp\/v2\/posts\/266600\/revisions\/266603"}],"wp:featuredmedia":[{"embeddable":true,"href":"https:\/\/www.brundisium.net\/index.php\/wp-json\/wp\/v2\/media\/266601"}],"wp:attachment":[{"href":"https:\/\/www.brundisium.net\/index.php\/wp-json\/wp\/v2\/media?parent=266600"}],"wp:term":[{"taxonomy":"category","embeddable":true,"href":"https:\/\/www.brundisium.net\/index.php\/wp-json\/wp\/v2\/categories?post=266600"},{"taxonomy":"post_tag","embeddable":true,"href":"https:\/\/www.brundisium.net\/index.php\/wp-json\/wp\/v2\/tags?post=266600"}],"curies":[{"name":"wp","href":"https:\/\/api.w.org\/{rel}","templated":true}]}}