{"id":266604,"date":"2026-08-31T11:54:58","date_gmt":"2026-08-31T09:54:58","guid":{"rendered":"https:\/\/www.brundisium.net\/?p=266604"},"modified":"2026-08-31T11:54:58","modified_gmt":"2026-08-31T09:54:58","slug":"lassociazione-nazionale-dei-vigili-del-fuoco-di-brindisi-ai-giochi-del-mediterraneo","status":"publish","type":"post","link":"https:\/\/www.brundisium.net\/index.php\/lassociazione-nazionale-dei-vigili-del-fuoco-di-brindisi-ai-giochi-del-mediterraneo\/","title":{"rendered":"L\u2019Associazione Nazionale dei Vigili del Fuoco di Brindisi ai Giochi del Mediterraneo"},"content":{"rendered":"<p>Nella giornata di sabato 29 agosto si \u00e8 tenuto il 1\u00b0 Raduno Interregionale Puglia-Basilicata-Calabria dell\u2019A.N.VV.F. del Corpo Nazionale, che ha visto la partecipazione di circa 300 soci provenienti dalle tre regioni, il tutto in stretta collaborazione col Comando Provinciale dei Vigili del Fuoco di Taranto, sulle direttive della Direzione Regionale VV.F. di Bari, dove quest\u2019ultima ha messo a disposizione i Pullman di trasferimento per i soci di ogni sezione Provinciale. L\u2019iniziativa parte dalla candidatura della sez. di Taranto al 29\u00b0 Raduno Nazionale che viene per\u00f2 bocciata per lasciare il posto a quello della Citt\u00e0 di Udine, dove lo stesso si svolto dal 4 al 7 giugno 2026, tra Udine e Gemona del Friuli. Dove questo evento ha coinciso con il 50\u00b0 anniversario del terremoto del 1976, ed \u00e8 stato dedicato alla memoria di quell\u2019esperienza e ai valori fondanti del Corpo Nazionale dei Vigili del Fuoco quali servizio, professionalit\u00e0, solidariet\u00e0. In una riunione delle sezioni della Puglia, il Coordinatore Regionale Maurizio Saponaro, lancia l\u2019idea di organizzare il 1\u00b0Raduno Interregionale Puglia-Basilicata-Calabria da inserirlo come evento collaterale ai giochi del Mediterraneo, proprio per dare ancora pi\u00f9 visibilit\u00e0 alla Associazione. Tutti i rappresentanti delle sezioni hanno accolto subito l\u2019iniziativa, e dopo varie riunioni nella Direzione VV.F. di Bari alla presenza del Direttore Ing.Ciani, si \u00e8 mossa subito la macchina organizzativa, dove la sez. di Taranto si \u00e8 spesa molto affinch\u00e8 l\u2019evento avrebbe dato i suoi buoni frutti. Al Raduno hanno sfilato per le vie principali della citt\u00e0 oltre i Vigili del Fuoco in quiescenza con le relative consorti, anche quelli in servizio e altre Associazioni cittadine accompagnati dalla musica della banda dei VV.F. proveniente da Roma con 45 musicisti, giunti alla Chiesa del Carmine c\u2019\u00e8 stata la S.Messa a suffragio dei VV.F. che hanno perso la loro vita durante il servizio, alla quale hanno presenziato anche le massime autorit\u00e0 civile e militari. Mentre all\u2019uscita erano gi\u00e0 pronti gli specialisti del gruppo S.A.F. (speleo-alpino-fluviale) che si sono esibiti con la discesa della bandiera italiana sull\u2019inno di Mameli. A seguire una bella Pompieropoli per i bambini, fatta da un percorso ludico educativo nella prevenzione dei pericoli, facendoli sentire pompieri per un giorno. Dall\u2019alto si \u00e8 fatto vedere anche l\u2019elicottero dei VV.F. il famoso \u201cDrago\u201d che interviene in tutti i casi di soccorso in ambiente impervio. A seguire il pranzo sociale nel circolo Ufficiali della M.M. e la torta con sopra il logo della manifestazione, nel pomeriggio sono state organizzate anche delle visite guidate, e infine l\u2019esibizione della banda dei VV.F. nella cassa armonica in P.za Garibaldi. L\u2019evento \u00e8 ben riuscito lasciando soddisfatti tutti quanti, ed \u00e8 organizzato per continuare i valori di amicizia e fratellanza tra colleghi dei VV.F., ma anche per rafforzare il legame con la cittadinanza, dove si cerca con continuit\u00e0 di diffondere la cultura della sicurezza iniziando dai pi\u00f9 piccoli nelle scuole.<\/p>\n","protected":false},"excerpt":{"rendered":"<p>Nella giornata di sabato 29 agosto si \u00e8 tenuto il 1\u00b0 Raduno Interregionale Puglia-Basilicata-Calabria dell\u2019A.N.VV.F. del Corpo Nazionale, che ha visto la partecipazione di circa 300 soci provenienti dalle tre regioni, il tutto in stretta collaborazione col Comando Provinciale dei Vigili del Fuoco di Taranto, sulle direttive della Direzione Regionale VV.F. di Bari, dove quest\u2019ultima ha messo a disposizione i Pullman di trasferimento per i soci di ogni sezione Provinciale. L\u2019iniziativa parte dalla candidatura della sez. di Taranto al 29\u00b0 Raduno Nazionale che viene per\u00f2 bocciata per lasciare il posto a quello della Citt\u00e0 di Udine, dove lo stesso si svolto dal 4 al 7 giugno 2026, tra Udine e Gemona del Friuli. Dove questo evento ha coinciso con il 50\u00b0 anniversario del terremoto del 1976, ed \u00e8 stato dedicato alla memoria di quell\u2019esperienza e ai valori fondanti del Corpo Nazionale dei Vigili del Fuoco quali servizio, professionalit\u00e0, solidariet\u00e0. In una riunione delle sezioni della Puglia, il Coordinatore Regionale Maurizio Saponaro, lancia l\u2019idea di organizzare il 1\u00b0Raduno Interregionale Puglia-Basilicata-Calabria da&#8230;<\/p>\n","protected":false},"author":2,"featured_media":266607,"comment_status":"closed","ping_status":"closed","sticky":false,"template":"","format":"standard","meta":{"footnotes":""},"categories":[7],"tags":[],"class_list":["post-266604","post","type-post","status-publish","format-standard","has-post-thumbnail","hentry","category-news"],"_links":{"self":[{"href":"https:\/\/www.brundisium.net\/index.php\/wp-json\/wp\/v2\/posts\/266604","targetHints":{"allow":["GET"]}}],"collection":[{"href":"https:\/\/www.brundisium.net\/index.php\/wp-json\/wp\/v2\/posts"}],"about":[{"href":"https:\/\/www.brundisium.net\/index.php\/wp-json\/wp\/v2\/types\/post"}],"author":[{"embeddable":true,"href":"https:\/\/www.brundisium.net\/index.php\/wp-json\/wp\/v2\/users\/2"}],"replies":[{"embeddable":true,"href":"https:\/\/www.brundisium.net\/index.php\/wp-json\/wp\/v2\/comments?post=266604"}],"version-history":[{"count":1,"href":"https:\/\/www.brundisium.net\/index.php\/wp-json\/wp\/v2\/posts\/266604\/revisions"}],"predecessor-version":[{"id":266608,"href":"https:\/\/www.brundisium.net\/index.php\/wp-json\/wp\/v2\/posts\/266604\/revisions\/266608"}],"wp:featuredmedia":[{"embeddable":true,"href":"https:\/\/www.brundisium.net\/index.php\/wp-json\/wp\/v2\/media\/266607"}],"wp:attachment":[{"href":"https:\/\/www.brundisium.net\/index.php\/wp-json\/wp\/v2\/media?parent=266604"}],"wp:term":[{"taxonomy":"category","embeddable":true,"href":"https:\/\/www.brundisium.net\/index.php\/wp-json\/wp\/v2\/categories?post=266604"},{"taxonomy":"post_tag","embeddable":true,"href":"https:\/\/www.brundisium.net\/index.php\/wp-json\/wp\/v2\/tags?post=266604"}],"curies":[{"name":"wp","href":"https:\/\/api.w.org\/{rel}","templated":true}]}}