{"id":266650,"date":"2026-09-01T15:00:32","date_gmt":"2026-09-01T13:00:32","guid":{"rendered":"https:\/\/www.brundisium.net\/?p=266650"},"modified":"2026-09-01T15:00:32","modified_gmt":"2026-09-01T13:00:32","slug":"mediterranean-fashion-week-2026-la-grande-moda-internazionale-arriva-in-puglia-mesagne-protagonista-con-piazza-orsini","status":"publish","type":"post","link":"https:\/\/www.brundisium.net\/index.php\/mediterranean-fashion-week-2026-la-grande-moda-internazionale-arriva-in-puglia-mesagne-protagonista-con-piazza-orsini\/","title":{"rendered":"Mediterranean Fashion Week 2026, la grande moda internazionale arriva in Puglia. Mesagne protagonista con Piazza Orsini"},"content":{"rendered":"<p>La grande moda internazionale arriva in Puglia e, per il secondo anno consecutivo, far\u00e0 tappa anche a Mesagne. Dal 1\u00b0 al 5 settembre torna infatti la Mediterranean Fashion Week 2026, manifestazione ideata da Marianna Miceli che attraverser\u00e0 cinque citt\u00e0 pugliesi \u2013 Lecce, Taranto, Mesagne, Bari e Vieste \u2013 trasformando luoghi simbolo della regione in passerelle dedicate alle grandi firme e ai giovani talenti della moda internazionale.<\/p>\n<p>Saranno oltre 200 gli ospiti provenienti da circa 20 Paesi e pi\u00f9 di 50 i brand coinvolti nella manifestazione, che riunir\u00e0 stilisti e creazioni provenienti, tra gli altri, da Slovenia, Argentina, Portogallo, Marocco, Malta, Russia, Bosnia Erzegovina, Cina, Croazia, Bulgaria, Albania, India, Kazakistan, Georgia, Turkmenistan, Uzbekistan e Kirghizistan. Un appuntamento che punta a promuovere il territorio attraverso il linguaggio della moda e a valorizzare le citt\u00e0 pugliesi inserendole in un circuito internazionale.<\/p>\n<p>&nbsp;<\/p>\n<p>Particolare attenzione sar\u00e0 riservata a Mesagne, che gioved\u00ec 3 settembre ospiter\u00e0 uno degli appuntamenti centrali della Mediterranean Fashion Week. A partire dalle ore 21, la suggestiva Piazza Orsini, nel cuore del centro storico, diventer\u00e0 una passerella a cielo aperto per le collezioni di Andrea Garmendia, Argentinian Adn, Atelier Aparel Karceva, Mila Zaharieva, Sarte\u00e8 By Sarita, Dana Tarazi, Kerana, Terry\u2019s Fashion Style e Blessed.<\/p>\n<p>La serata mesagnese non sar\u00e0 dedicata esclusivamente alla moda. Il programma prevede infatti anche uno spazio riservato all\u2019artigianato, curato dal Duc Castrum Merianum Mesagne e da Confcommercio Mesagne, con l&#8217;obiettivo di mettere insieme la creativit\u00e0 delle grandi firme internazionali e le eccellenze produttive e artigianali del territorio.<\/p>\n<p>&nbsp;<\/p>\n<p>\u00abPer il secondo anno consecutivo, Mesagne \u00e8 tra i protagonisti di questo evento straordinario, unendo la bellezza di Piazza Orsini e del centro storico alla bellezza degli abiti che sfileranno in passerella\u00bb, ha dichiarato il sindaco di Mesagne, Francesco Rogoli. \u00abSiamo contenti di essere entrati in questo circuito di alto livello, dando un contributo anche al sostegno di un settore importante per il nostro Mezzogiorno come quello della moda\u00bb.<\/p>\n<p>Il coinvolgimento della citt\u00e0 di Mesagne rappresenta dunque una conferma dopo l&#8217;esperienza dello scorso anno e rafforza il legame tra la manifestazione e uno dei centri storici pi\u00f9 riconoscibili della provincia di Brindisi. Piazza Orsini e il borgo antico faranno da cornice a una serata che porter\u00e0 nel cuore della citt\u00e0 stilisti, delegazioni e ospiti internazionali, con un possibile ritorno anche in termini di promozione turistica e valorizzazione delle attivit\u00e0 commerciali locali.<\/p>\n<p>&nbsp;<\/p>\n<p>La Mediterranean Fashion Week prender\u00e0 il via questa sera, marted\u00ec 1\u00b0 settembre, alle ore 21, in Piazza Sant&#8217;Oronzo a Lecce. Mercoled\u00ec 2 settembre la manifestazione si sposter\u00e0 al Castello Aragonese di Taranto, in concomitanza con i XX Giochi del Mediterraneo, dei quali la Fashion Week rappresenta un evento collaterale. Dopo la tappa di Mesagne del 3 settembre, venerd\u00ec 4 settembre sar\u00e0 la volta di Bari, negli spazi di AncheCinema, mentre la chiusura \u00e8 prevista sabato 5 settembre, alle ore 18, nel centro storico di Vieste.<\/p>\n<p>Nel corso delle giornate del 3, 4 e 5 settembre si svolger\u00e0 inoltre il Fashion Contest Eco_Couture, competizione dedicata ai giovani stilisti italiani e stranieri che si confronteranno con creazioni ispirate alle atmosfere e ai colori del Mediterraneo. In ogni appuntamento sar\u00e0 premiato il miglior abito.<\/p>\n<p>&nbsp;<\/p>\n<p>Accanto alle sfilate, il programma comprende anche iniziative dedicate al design e all&#8217;artigianato. Dal 2 al 4 settembre Piazza Sant&#8217;Oronzo a Lecce ospiter\u00e0 il Festival Internazionale dell&#8217;Artigianato e del Design, realizzato con il supporto dell&#8217;Eurasian Council for Craft and Design, con la partecipazione di maestri artigiani provenienti dall&#8217;area asiatica.<\/p>\n<p>La manifestazione, realizzata con il patrocinio di numerose istituzioni, tra cui il Comune di Mesagne, punta a costruire un percorso che unisca moda, cultura, artigianato e promozione territoriale sotto il brand #WeAreInPuglia. A condurre tutte le serate sar\u00e0 Alina Liccione.<\/p>\n<p>Per Mesagne l&#8217;appuntamento \u00e8 dunque fissato per gioved\u00ec 3 settembre, alle ore 21, quando Piazza Orsini torner\u00e0 a trasformarsi in una grande vetrina internazionale, mettendo insieme il fascino del centro storico, la creativit\u00e0 della moda e le eccellenze del territorio.<\/p>\n","protected":false},"excerpt":{"rendered":"<p>La grande moda internazionale arriva in Puglia e, per il secondo anno consecutivo, far\u00e0 tappa anche a Mesagne. Dal 1\u00b0 al 5 settembre torna infatti la Mediterranean Fashion Week 2026, manifestazione ideata da Marianna Miceli che attraverser\u00e0 cinque citt\u00e0 pugliesi \u2013 Lecce, Taranto, Mesagne, Bari e Vieste \u2013 trasformando luoghi simbolo della regione in passerelle dedicate alle grandi firme e ai giovani talenti della moda internazionale. Saranno oltre 200 gli ospiti provenienti da circa 20 Paesi e pi\u00f9 di 50 i brand coinvolti nella manifestazione, che riunir\u00e0 stilisti e creazioni provenienti, tra gli altri, da Slovenia, Argentina, Portogallo, Marocco, Malta, Russia, Bosnia Erzegovina, Cina, Croazia, Bulgaria, Albania, India, Kazakistan, Georgia, Turkmenistan, Uzbekistan e Kirghizistan. Un appuntamento che punta a promuovere il territorio attraverso il linguaggio della moda e a valorizzare le citt\u00e0 pugliesi inserendole in un circuito internazionale. &nbsp; Particolare attenzione sar\u00e0 riservata a Mesagne, che gioved\u00ec 3 settembre ospiter\u00e0 uno degli appuntamenti centrali della Mediterranean Fashion Week. A partire dalle ore 21, la suggestiva Piazza Orsini, nel cuore del&#8230;<\/p>\n","protected":false},"author":2,"featured_media":266652,"comment_status":"closed","ping_status":"closed","sticky":false,"template":"","format":"standard","meta":{"footnotes":""},"categories":[7],"tags":[],"class_list":["post-266650","post","type-post","status-publish","format-standard","has-post-thumbnail","hentry","category-news"],"_links":{"self":[{"href":"https:\/\/www.brundisium.net\/index.php\/wp-json\/wp\/v2\/posts\/266650","targetHints":{"allow":["GET"]}}],"collection":[{"href":"https:\/\/www.brundisium.net\/index.php\/wp-json\/wp\/v2\/posts"}],"about":[{"href":"https:\/\/www.brundisium.net\/index.php\/wp-json\/wp\/v2\/types\/post"}],"author":[{"embeddable":true,"href":"https:\/\/www.brundisium.net\/index.php\/wp-json\/wp\/v2\/users\/2"}],"replies":[{"embeddable":true,"href":"https:\/\/www.brundisium.net\/index.php\/wp-json\/wp\/v2\/comments?post=266650"}],"version-history":[{"count":1,"href":"https:\/\/www.brundisium.net\/index.php\/wp-json\/wp\/v2\/posts\/266650\/revisions"}],"predecessor-version":[{"id":266653,"href":"https:\/\/www.brundisium.net\/index.php\/wp-json\/wp\/v2\/posts\/266650\/revisions\/266653"}],"wp:featuredmedia":[{"embeddable":true,"href":"https:\/\/www.brundisium.net\/index.php\/wp-json\/wp\/v2\/media\/266652"}],"wp:attachment":[{"href":"https:\/\/www.brundisium.net\/index.php\/wp-json\/wp\/v2\/media?parent=266650"}],"wp:term":[{"taxonomy":"category","embeddable":true,"href":"https:\/\/www.brundisium.net\/index.php\/wp-json\/wp\/v2\/categories?post=266650"},{"taxonomy":"post_tag","embeddable":true,"href":"https:\/\/www.brundisium.net\/index.php\/wp-json\/wp\/v2\/tags?post=266650"}],"curies":[{"name":"wp","href":"https:\/\/api.w.org\/{rel}","templated":true}]}}