{"id":266696,"date":"2026-09-02T13:05:16","date_gmt":"2026-09-02T11:05:16","guid":{"rendered":"https:\/\/www.brundisium.net\/?p=266696"},"modified":"2026-09-02T13:05:16","modified_gmt":"2026-09-02T11:05:16","slug":"scuole-luperti-e-greco-serve-un-intervento-immediato-si-acquistino-pellicole-a-controllo-solare","status":"publish","type":"post","link":"https:\/\/www.brundisium.net\/index.php\/scuole-luperti-e-greco-serve-un-intervento-immediato-si-acquistino-pellicole-a-controllo-solare\/","title":{"rendered":"Scuole, Luperti e Greco: &#8220;serve un intervento immediato. Si acquistino pellicole a controllo solare&#8221;"},"content":{"rendered":"<p>Come consiglieri comunali e provinciali riteniamo doveroso sollecitare gli uffici e gli enti competenti affinch\u00e9 venga effettuato un sopralluogo in tutte le scuole della nostra citt\u00e0, per verificare le condizioni degli edifici e individuare con tempestivit\u00e0 eventuali criticit\u00e0 che potrebbero compromettere la regolare riapertura del nuovo anno scolastico.<br \/>\nNon possiamo permetterci di arrivare all\u2019apertura delle scuole con problemi ancora irrisolti.<br \/>\nChiediamo quindi che vengano verificati tutti gli aspetti necessari: sicurezza, manutenzione, condizioni degli spazi, impianti e ogni altra situazione che possa creare disagi agli studenti e al personale scolastico.<br \/>\nL\u2019inizio dell\u2019anno scolastico deve essere il pi\u00f9 possibile funzionale, ordinato e sicuro. E in una regione dove l\u2019estate non finisce il 31 agosto, c\u2019\u00e8 tutto il tempo per programmare e realizzare gli interventi necessari senza aspettare l\u2019ultimo momento.<br \/>\nLa scuola non pu\u00f2 essere considerata una priorit\u00e0 soltanto quando i problemi diventano emergenze. La prevenzione e la programmazione devono venire prima.<br \/>\nAllo stato attuale, comunque, anche alla luce della disponibilit\u00e0 di 20 milioni di euro annunciata oggi dal Ministro Valditara, \u00e8 necessario \u201ctamponare\u201d l\u2019emergenza-caldo con un sistema estremamente efficace ed economico. Si tratta delle \u201cpellicole a controllo solare\u201d che si appongono facilmente sui vetri delle aule. Quelle trasparenti in ceramica riflettono fino all\u201980% del calore. L\u2019abbassamento della temperatura percepita si abbassa di 6-8 gradi e i vetri non scottano pi\u00f9. Il costo \u00e8 di circa 40 euro a metro quadro e durano 10-15 anni. Ovviamente si installano in pochissimo tempo.<br \/>\nSiamo convinti che la nostra sollecitazione verr\u00e0 ascoltata e che gli enti competenti sapranno assumersi fino in fondo le proprie responsabilit\u00e0, intervenendo dove necessario.<\/p>\n<p>Lino Luperti \u2013 capogruppo di Forza Italia in Consiglio Provinciale<br \/>\nMichelangelo Greco \u2013 consigliere comunale<\/p>\n","protected":false},"excerpt":{"rendered":"<p>Come consiglieri comunali e provinciali riteniamo doveroso sollecitare gli uffici e gli enti competenti affinch\u00e9 venga effettuato un sopralluogo in tutte le scuole della nostra citt\u00e0, per verificare le condizioni degli edifici e individuare con tempestivit\u00e0 eventuali criticit\u00e0 che potrebbero compromettere la regolare riapertura del nuovo anno scolastico. Non possiamo permetterci di arrivare all\u2019apertura delle scuole con problemi ancora irrisolti. Chiediamo quindi che vengano verificati tutti gli aspetti necessari: sicurezza, manutenzione, condizioni degli spazi, impianti e ogni altra situazione che possa creare disagi agli studenti e al personale scolastico. L\u2019inizio dell\u2019anno scolastico deve essere il pi\u00f9 possibile funzionale, ordinato e sicuro. E in una regione dove l\u2019estate non finisce il 31 agosto, c\u2019\u00e8 tutto il tempo per programmare e realizzare gli interventi necessari senza aspettare l\u2019ultimo momento. La scuola non pu\u00f2 essere considerata una priorit\u00e0 soltanto quando i problemi diventano emergenze. La prevenzione e la programmazione devono venire prima. Allo stato attuale, comunque, anche alla luce della disponibilit\u00e0 di 20 milioni di euro annunciata oggi dal Ministro Valditara, \u00e8 necessario&#8230;<\/p>\n","protected":false},"author":2,"featured_media":216296,"comment_status":"closed","ping_status":"closed","sticky":false,"template":"","format":"standard","meta":{"footnotes":""},"categories":[7],"tags":[],"class_list":["post-266696","post","type-post","status-publish","format-standard","has-post-thumbnail","hentry","category-news"],"_links":{"self":[{"href":"https:\/\/www.brundisium.net\/index.php\/wp-json\/wp\/v2\/posts\/266696","targetHints":{"allow":["GET"]}}],"collection":[{"href":"https:\/\/www.brundisium.net\/index.php\/wp-json\/wp\/v2\/posts"}],"about":[{"href":"https:\/\/www.brundisium.net\/index.php\/wp-json\/wp\/v2\/types\/post"}],"author":[{"embeddable":true,"href":"https:\/\/www.brundisium.net\/index.php\/wp-json\/wp\/v2\/users\/2"}],"replies":[{"embeddable":true,"href":"https:\/\/www.brundisium.net\/index.php\/wp-json\/wp\/v2\/comments?post=266696"}],"version-history":[{"count":1,"href":"https:\/\/www.brundisium.net\/index.php\/wp-json\/wp\/v2\/posts\/266696\/revisions"}],"predecessor-version":[{"id":266697,"href":"https:\/\/www.brundisium.net\/index.php\/wp-json\/wp\/v2\/posts\/266696\/revisions\/266697"}],"wp:featuredmedia":[{"embeddable":true,"href":"https:\/\/www.brundisium.net\/index.php\/wp-json\/wp\/v2\/media\/216296"}],"wp:attachment":[{"href":"https:\/\/www.brundisium.net\/index.php\/wp-json\/wp\/v2\/media?parent=266696"}],"wp:term":[{"taxonomy":"category","embeddable":true,"href":"https:\/\/www.brundisium.net\/index.php\/wp-json\/wp\/v2\/categories?post=266696"},{"taxonomy":"post_tag","embeddable":true,"href":"https:\/\/www.brundisium.net\/index.php\/wp-json\/wp\/v2\/tags?post=266696"}],"curies":[{"name":"wp","href":"https:\/\/api.w.org\/{rel}","templated":true}]}}