{"id":266701,"date":"2026-09-02T13:11:07","date_gmt":"2026-09-02T11:11:07","guid":{"rendered":"https:\/\/www.brundisium.net\/?p=266701"},"modified":"2026-09-02T13:11:07","modified_gmt":"2026-09-02T11:11:07","slug":"rifiuti-a-brindisi-g-quarta-apprezzo-la-svolta-sul-sistema-misto-auspichiamo-di-condividere-la-bozza-del-bando-decennale","status":"publish","type":"post","link":"https:\/\/www.brundisium.net\/index.php\/rifiuti-a-brindisi-g-quarta-apprezzo-la-svolta-sul-sistema-misto-auspichiamo-di-condividere-la-bozza-del-bando-decennale\/","title":{"rendered":"Rifiuti a Brindisi, G. Quarta: &#8220;Apprezzo la svolta sul sistema misto, auspichiamo di condividere la bozza del bando decennale&#8221;"},"content":{"rendered":"<p>Accolgo con favore e interesse le linee di indirizzo approvate dalla Giunta comunale per il nuovo piano industriale dei rifiuti, presentate dall&#8217;assessore all&#8217;Ambiente Livia Antonucci. <\/p>\n<p>Come amministratore di condominio, che ogni giorno si interfaccia direttamente con le famiglie e le specificit\u00e0 abitative del territorio, ritengo fondamentale il superamento di un modello &#8220;porta a porta&#8221; rigido e uguale per tutta la citt\u00e0.<\/p>\n<p>A dichiararlo \u00e8 Gianluca Quarta, amministratore di condominio a Brindisi.<br \/>\n&#8220;Il lavoro svolto dall&#8217;assessorato va nella giusta direzione&#8221; \u2013 sottolinea Gianluca Quarta \u2013. &#8220;L&#8217;idea di passare a un sistema misto, calibrato sulle reali esigenze urbanistiche, sulla densit\u00e0 abitativa e sulle peculiarit\u00e0 dei diversi quartieri, risponde a criticit\u00e0 che noi professionisti tocchiamo con mano ogni giorno. Positivo anche il nuovo canale WhatsApp, che potr\u00e0 agevolare la gestione delle segnalazioni quotidiane&#8221;.<\/p>\n<p>Un percorso di dialogo con l&#8217;amministrazione che ha gi\u00e0 visto un primo e positivo momento di confronto nei mesi scorsi.<\/p>\n<p>&#8220;Facendo seguito al precedente incontro avuto con l&#8217;assessorato&#8221; \u2013 prosegue Quarta \u2013 &#8220;e forte della disponibilit\u00e0 alla collaborazione che riscontro nella maggioranza dei colleghi, ritengo auspicabile un ulteriore passo in avanti. <\/p>\n<p>Nel manifestare il mio apprezzamento per l&#8217;impostazione data, chiedo all&#8217;assessore Antonucci di poter programmare nuovi incontri e di ricevere in anticipo una bozza del prossimo bando decennale. Avere la possibilit\u00e0 di visionarlo in anteprima ci permetterebbe di valutare insieme le soluzioni migliori, mettendo a disposizione dell&#8217;amministrazione la nostra esperienza pratica e le reali esigenze dei condomini, cos\u00ec da contribuire concretamente al raggiungimento del 65% di differenziata e alla riduzione della Tari&#8221;.<\/p>\n<p>Rinnovando la massima disponibilit\u00e0 al confronto da parte di gran parte della categoria, l&#8217;auspicio \u00e8 quello di poter proseguire insieme questo percorso nell&#8217;esclusivo interesse della citt\u00e0 e dei cittadini.<\/p>\n<p>Dott. Gianluca Quarta<\/p>\n","protected":false},"excerpt":{"rendered":"<p>Accolgo con favore e interesse le linee di indirizzo approvate dalla Giunta comunale per il nuovo piano industriale dei rifiuti, presentate dall&#8217;assessore all&#8217;Ambiente Livia Antonucci. Come amministratore di condominio, che ogni giorno si interfaccia direttamente con le famiglie e le specificit\u00e0 abitative del territorio, ritengo fondamentale il superamento di un modello &#8220;porta a porta&#8221; rigido e uguale per tutta la citt\u00e0. A dichiararlo \u00e8 Gianluca Quarta, amministratore di condominio a Brindisi. &#8220;Il lavoro svolto dall&#8217;assessorato va nella giusta direzione&#8221; \u2013 sottolinea Gianluca Quarta \u2013. &#8220;L&#8217;idea di passare a un sistema misto, calibrato sulle reali esigenze urbanistiche, sulla densit\u00e0 abitativa e sulle peculiarit\u00e0 dei diversi quartieri, risponde a criticit\u00e0 che noi professionisti tocchiamo con mano ogni giorno. Positivo anche il nuovo canale WhatsApp, che potr\u00e0 agevolare la gestione delle segnalazioni quotidiane&#8221;. Un percorso di dialogo con l&#8217;amministrazione che ha gi\u00e0 visto un primo e positivo momento di confronto nei mesi scorsi. &#8220;Facendo seguito al precedente incontro avuto con l&#8217;assessorato&#8221; \u2013 prosegue Quarta \u2013 &#8220;e forte della disponibilit\u00e0 alla collaborazione che riscontro&#8230;<\/p>\n","protected":false},"author":2,"featured_media":265814,"comment_status":"closed","ping_status":"closed","sticky":false,"template":"","format":"standard","meta":{"footnotes":""},"categories":[7],"tags":[],"class_list":["post-266701","post","type-post","status-publish","format-standard","has-post-thumbnail","hentry","category-news"],"_links":{"self":[{"href":"https:\/\/www.brundisium.net\/index.php\/wp-json\/wp\/v2\/posts\/266701","targetHints":{"allow":["GET"]}}],"collection":[{"href":"https:\/\/www.brundisium.net\/index.php\/wp-json\/wp\/v2\/posts"}],"about":[{"href":"https:\/\/www.brundisium.net\/index.php\/wp-json\/wp\/v2\/types\/post"}],"author":[{"embeddable":true,"href":"https:\/\/www.brundisium.net\/index.php\/wp-json\/wp\/v2\/users\/2"}],"replies":[{"embeddable":true,"href":"https:\/\/www.brundisium.net\/index.php\/wp-json\/wp\/v2\/comments?post=266701"}],"version-history":[{"count":1,"href":"https:\/\/www.brundisium.net\/index.php\/wp-json\/wp\/v2\/posts\/266701\/revisions"}],"predecessor-version":[{"id":266703,"href":"https:\/\/www.brundisium.net\/index.php\/wp-json\/wp\/v2\/posts\/266701\/revisions\/266703"}],"wp:featuredmedia":[{"embeddable":true,"href":"https:\/\/www.brundisium.net\/index.php\/wp-json\/wp\/v2\/media\/265814"}],"wp:attachment":[{"href":"https:\/\/www.brundisium.net\/index.php\/wp-json\/wp\/v2\/media?parent=266701"}],"wp:term":[{"taxonomy":"category","embeddable":true,"href":"https:\/\/www.brundisium.net\/index.php\/wp-json\/wp\/v2\/categories?post=266701"},{"taxonomy":"post_tag","embeddable":true,"href":"https:\/\/www.brundisium.net\/index.php\/wp-json\/wp\/v2\/tags?post=266701"}],"curies":[{"name":"wp","href":"https:\/\/api.w.org\/{rel}","templated":true}]}}