{"id":266775,"date":"2026-09-03T16:38:46","date_gmt":"2026-09-03T14:38:46","guid":{"rendered":"https:\/\/www.brundisium.net\/?p=266775"},"modified":"2026-09-03T16:38:46","modified_gmt":"2026-09-03T14:38:46","slug":"un-mio-ricordo-di-fabio-mussi-di-carmine-dipietrangelo","status":"publish","type":"post","link":"https:\/\/www.brundisium.net\/index.php\/un-mio-ricordo-di-fabio-mussi-di-carmine-dipietrangelo\/","title":{"rendered":"Un mio ricordo di Fabio Mussi. Di Carmine Dipietrangelo"},"content":{"rendered":"<p>Fabio Mussi non c\u2019\u00e8 pi\u00f9, con lui se ne va un pezzo della storia di tanti di noi , funzionari e dirigenti del PCI. Apparteniamo a una stessa generazione: quella che si \u00e8 formata nel PCI partendo dalle piazze e dalle aule del Movimento Studentesco del \u201968 e che si impegnarono nelle lotte operaie e contadine. Ci siamo conosciuti e vissuti dentro gli organismi del partito, dal Comitato Centrale alle sezioni di lavoro, attraversando la transizione al PDS e le tante stagioni della sinistra italiana. Non ci siamo pi\u00f9 visti sia per scelte di vita oltrech\u00e9 politiche.<\/p>\n<p>In quegli anni il confronto non \u00e8 mai mancato.<br \/>\n Un confronto fatto di discussioni politiche dense, ma anche della sua inconfondibile ironia. Ci sfottevamo, lui ambientalista ed io industrialista, tutti e due con un rapporto speciale con D\u2019Alema, con quella complicit\u00e0 che solo chi ha condiviso una passione politica totale sa costruire e mantenere nel tempo.<br \/>\nFabio \u00e8 stato un dirigente di prim\u2019ordine, animato dall&#8217;idea di una sinistra unita e capace di posizioni radicali, in particolare sui temi del lavoro e della tutela ambientale.<br \/>\nIn un&#8217;epoca in cui la cultura di derivazione comunista era ancora fortemente segnata da un&#8217;impostazione industrialista e produttivista come la mia. Mussi ebbe un&#8217;intuizione profetica. Gi\u00e0 alla fine degli anni \u201980 ricordava che \u201cl\u2019ambiente non \u00e8 un capitolo: \u00e8 la lente con cui guardare il mondo\u201d.<\/p>\n<p>Aggiungeva con lucidit\u00e0: \u201cDobbiamo fare una scelta di campo netta, culturale prima ancora che elettorale o di partito. Per troppi anni la politica ha considerato l\u2019ambiente come una voce da aggiungere in fondo all\u2019agenda, un \u2018capitolo\u2019 da consultare solo quando le emergenze \u2014 i fiumi in piena, il veleno nei terreni, lo smog nelle citt\u00e0 \u2014 ci costringevano a farlo\u201d.<\/p>\n<p>Parole straordinariamente attuali oggi, di fronte alla crisi climatica. Questa sua visione dimostra la densit\u00e0 e la poliedricit\u00e0 del suo pensiero politico, capace di guardare oltre gli steccati del proprio tempo.<\/p>\n<p>La sua \u00e8 stata la battaglia, tenace e appassionata, per costruire una sinistra all&#8217;altezza delle sfide moderne. Un progetto che spesso \u00e8 uscito sconfitto dalle dinamiche della storia recente. Quando decise di non aderire al PD, Fabio us\u00f2 parole amare ma oneste sulla sconfitta della nostra prospettiva. Pur nelle differenze che ci hanno anche diviso, oggi possiamo dirlo insieme a lui: s\u00ec, forse siamo stati sconfitti. Ma la dignit\u00e0, l&#8217;intelligenza e la lungimiranza con cui Fabio ha combattuto le sue battaglie restano un patrimonio prezioso per tutti noi.<\/p>\n<p>Ciao Fabio, grazie per la strada fatta insieme, per le idee scambiate e per le risate che non sono mai mancate.<\/p>\n","protected":false},"excerpt":{"rendered":"<p>Fabio Mussi non c\u2019\u00e8 pi\u00f9, con lui se ne va un pezzo della storia di tanti di noi , funzionari e dirigenti del PCI. Apparteniamo a una stessa generazione: quella che si \u00e8 formata nel PCI partendo dalle piazze e dalle aule del Movimento Studentesco del \u201968 e che si impegnarono nelle lotte operaie e contadine. Ci siamo conosciuti e vissuti dentro gli organismi del partito, dal Comitato Centrale alle sezioni di lavoro, attraversando la transizione al PDS e le tante stagioni della sinistra italiana. Non ci siamo pi\u00f9 visti sia per scelte di vita oltrech\u00e9 politiche. In quegli anni il confronto non \u00e8 mai mancato. Un confronto fatto di discussioni politiche dense, ma anche della sua inconfondibile ironia. Ci sfottevamo, lui ambientalista ed io industrialista, tutti e due con un rapporto speciale con D\u2019Alema, con quella complicit\u00e0 che solo chi ha condiviso una passione politica totale sa costruire e mantenere nel tempo. Fabio \u00e8 stato un dirigente di prim\u2019ordine, animato dall&#8217;idea di una sinistra unita e capace di posizioni&#8230;<\/p>\n","protected":false},"author":2,"featured_media":266776,"comment_status":"closed","ping_status":"closed","sticky":false,"template":"","format":"standard","meta":{"footnotes":""},"categories":[7],"tags":[],"class_list":["post-266775","post","type-post","status-publish","format-standard","has-post-thumbnail","hentry","category-news"],"_links":{"self":[{"href":"https:\/\/www.brundisium.net\/index.php\/wp-json\/wp\/v2\/posts\/266775","targetHints":{"allow":["GET"]}}],"collection":[{"href":"https:\/\/www.brundisium.net\/index.php\/wp-json\/wp\/v2\/posts"}],"about":[{"href":"https:\/\/www.brundisium.net\/index.php\/wp-json\/wp\/v2\/types\/post"}],"author":[{"embeddable":true,"href":"https:\/\/www.brundisium.net\/index.php\/wp-json\/wp\/v2\/users\/2"}],"replies":[{"embeddable":true,"href":"https:\/\/www.brundisium.net\/index.php\/wp-json\/wp\/v2\/comments?post=266775"}],"version-history":[{"count":1,"href":"https:\/\/www.brundisium.net\/index.php\/wp-json\/wp\/v2\/posts\/266775\/revisions"}],"predecessor-version":[{"id":266777,"href":"https:\/\/www.brundisium.net\/index.php\/wp-json\/wp\/v2\/posts\/266775\/revisions\/266777"}],"wp:featuredmedia":[{"embeddable":true,"href":"https:\/\/www.brundisium.net\/index.php\/wp-json\/wp\/v2\/media\/266776"}],"wp:attachment":[{"href":"https:\/\/www.brundisium.net\/index.php\/wp-json\/wp\/v2\/media?parent=266775"}],"wp:term":[{"taxonomy":"category","embeddable":true,"href":"https:\/\/www.brundisium.net\/index.php\/wp-json\/wp\/v2\/categories?post=266775"},{"taxonomy":"post_tag","embeddable":true,"href":"https:\/\/www.brundisium.net\/index.php\/wp-json\/wp\/v2\/tags?post=266775"}],"curies":[{"name":"wp","href":"https:\/\/api.w.org\/{rel}","templated":true}]}}