{"id":266778,"date":"2026-09-03T17:21:10","date_gmt":"2026-09-03T15:21:10","guid":{"rendered":"https:\/\/www.brundisium.net\/?p=266778"},"modified":"2026-09-03T17:21:10","modified_gmt":"2026-09-03T15:21:10","slug":"movida-luperti-e-greco-il-prefetto-crei-le-condizioni-perche-ci-sia-una-posizione-condivisa-in-tutti-i-comuni","status":"publish","type":"post","link":"https:\/\/www.brundisium.net\/index.php\/movida-luperti-e-greco-il-prefetto-crei-le-condizioni-perche-ci-sia-una-posizione-condivisa-in-tutti-i-comuni\/","title":{"rendered":"Movida \u2013 Luperti e Greco: &#8220;Il Prefetto crei le condizioni perch\u00e9 ci sia una posizione condivisa in tutti i Comuni&#8221;"},"content":{"rendered":"<p>Anche in riferimento alla gestione della \u201cmovida\u201d la nostra provincia ha dimostrato di non avere la capacit\u00e0 di sintesi per giungere a soluzioni condivise. A stagione estiva pressoch\u00e9 conclusa, non si \u00e8 giunti al varo di regolamenti capaci di disciplinare le attivit\u00e0 della notte e questo ha comportato gravi danni per il settore, a partire da chi la legge la rispetta e quindi \u2013 in assenza di deroghe &#8211; non \u00e8 andato oltre i confini stabiliti.<br \/>\nSi \u00e8 assistito, pertanto, ad eventi musicali organizzati un po\u2019 ovunque in maniera totalmente abusiva o con il solito sistema della richiesta della \u201cscia\u201d inviata il venerd\u00ec pomeriggio per un evento previsto il giorno successivo. Il tutto, a discapito di chi, invece, le regole vuole rispettarle senza fare ricorso a furbate.<br \/>\nA questo si aggiunge, poi, che il clima di incertezza ha favorito le migrazioni notturne di tanti giovani da un comune all\u2019altro, con i rischi stradali facilmente immaginabili.<br \/>\nDa qui la necessit\u00e0 di provare ancora una volta a stabilire delle regole valide per tutta la provincia, con il coinvolgimento diretto di tutti i Sindaci e con un ruolo da protagonista del Prefetto per gli aspetti legati al coordinamento.<br \/>\nIn tal senso, salutiamo con estremo favore l\u2019iniziativa assunta proprio dal Prefetto per il capoluogo, attraverso la convocazione di un incontro per il prossimo 10 settembre.<br \/>\nUna volta stabilite eventuali deroghe, in ogni caso, sar\u00e0 opportuno coinvolgere le polizie locali e la Guardia di Finanza per i controlli da cui dipende il corretto svolgimento delle attivit\u00e0 della Movida.<\/p>\n<p>Lino Luperti \u2013 capogruppo di Forza Italia alla Provincia<br \/>\nMichelangelo Greco \u2013 consigliere comunale<\/p>\n","protected":false},"excerpt":{"rendered":"<p>Anche in riferimento alla gestione della \u201cmovida\u201d la nostra provincia ha dimostrato di non avere la capacit\u00e0 di sintesi per giungere a soluzioni condivise. A stagione estiva pressoch\u00e9 conclusa, non si \u00e8 giunti al varo di regolamenti capaci di disciplinare le attivit\u00e0 della notte e questo ha comportato gravi danni per il settore, a partire da chi la legge la rispetta e quindi \u2013 in assenza di deroghe &#8211; non \u00e8 andato oltre i confini stabiliti. Si \u00e8 assistito, pertanto, ad eventi musicali organizzati un po\u2019 ovunque in maniera totalmente abusiva o con il solito sistema della richiesta della \u201cscia\u201d inviata il venerd\u00ec pomeriggio per un evento previsto il giorno successivo. Il tutto, a discapito di chi, invece, le regole vuole rispettarle senza fare ricorso a furbate. A questo si aggiunge, poi, che il clima di incertezza ha favorito le migrazioni notturne di tanti giovani da un comune all\u2019altro, con i rischi stradali facilmente immaginabili. Da qui la necessit\u00e0 di provare ancora una volta a stabilire delle regole valide per&#8230;<\/p>\n","protected":false},"author":2,"featured_media":214609,"comment_status":"closed","ping_status":"closed","sticky":false,"template":"","format":"standard","meta":{"footnotes":""},"categories":[7],"tags":[],"class_list":["post-266778","post","type-post","status-publish","format-standard","has-post-thumbnail","hentry","category-news"],"_links":{"self":[{"href":"https:\/\/www.brundisium.net\/index.php\/wp-json\/wp\/v2\/posts\/266778","targetHints":{"allow":["GET"]}}],"collection":[{"href":"https:\/\/www.brundisium.net\/index.php\/wp-json\/wp\/v2\/posts"}],"about":[{"href":"https:\/\/www.brundisium.net\/index.php\/wp-json\/wp\/v2\/types\/post"}],"author":[{"embeddable":true,"href":"https:\/\/www.brundisium.net\/index.php\/wp-json\/wp\/v2\/users\/2"}],"replies":[{"embeddable":true,"href":"https:\/\/www.brundisium.net\/index.php\/wp-json\/wp\/v2\/comments?post=266778"}],"version-history":[{"count":1,"href":"https:\/\/www.brundisium.net\/index.php\/wp-json\/wp\/v2\/posts\/266778\/revisions"}],"predecessor-version":[{"id":266779,"href":"https:\/\/www.brundisium.net\/index.php\/wp-json\/wp\/v2\/posts\/266778\/revisions\/266779"}],"wp:featuredmedia":[{"embeddable":true,"href":"https:\/\/www.brundisium.net\/index.php\/wp-json\/wp\/v2\/media\/214609"}],"wp:attachment":[{"href":"https:\/\/www.brundisium.net\/index.php\/wp-json\/wp\/v2\/media?parent=266778"}],"wp:term":[{"taxonomy":"category","embeddable":true,"href":"https:\/\/www.brundisium.net\/index.php\/wp-json\/wp\/v2\/categories?post=266778"},{"taxonomy":"post_tag","embeddable":true,"href":"https:\/\/www.brundisium.net\/index.php\/wp-json\/wp\/v2\/tags?post=266778"}],"curies":[{"name":"wp","href":"https:\/\/api.w.org\/{rel}","templated":true}]}}